{"id":40576,"date":"2018-09-20T10:19:55","date_gmt":"2018-09-20T13:19:55","guid":{"rendered":"https:\/\/eldiariodesanpedro.com.ar\/sitio\/?p=40576"},"modified":"2018-09-20T10:26:34","modified_gmt":"2018-09-20T13:26:34","slug":"quinta-edicion-de-la-feria-del-libro-en-san-pedro","status":"publish","type":"post","link":"https:\/\/eldiariodesanpedro.com.ar\/sitio\/quinta-edicion-de-la-feria-del-libro-en-san-pedro\/","title":{"rendered":"Quinta edici\u00f3n de la Feria del Libro en San Pedro"},"content":{"rendered":"<p><!-- VideographyWP Plugin Message: Automatic video embedding prevented by plugin options. --><br \/>\nLa Sociedad Italiana de San Pedro alista sus instalaciones para ofrecer su V Feria del Libro y del Escritor Sampedrino. Tendr\u00e1 lugar en su sede social los d\u00edas 5, 6 y 7 de Octubre con horario de inicio de actividades a las 18 hs.<\/p>\n<p>Durante la puesta, presentar\u00e1n libros los autores sampedrinos Fausto Olmos, D\u00e9bora Gil, Ricardo Uguet, Mirta Mantovani y M\u00f3nica Sagrera. Tambi\u00e9n presentar\u00e1 su nueva obra Diego Rodr\u00edguez de Santa Luc\u00eda.<\/p>\n<p>Contaremos con la habitual presencia de nuestras librer\u00edas Abelardo Libros, Boulevard Libros y Pos Data, que ofrecer\u00e1n al p\u00fablico las \u00faltimas ediciones, libros de autores sampedrinos, y otros de ediciones antiguas. Estar\u00e1n tambi\u00e9n presentes la Biblioteca Rafael Obligado, la editorial local Arenz &#038; Antich, Hastinapura y un stand de nuestro Museo Hist\u00f3rico.<\/p>\n<p>Entre los oradores, disertar\u00e1n Gerogina Kuttel sobre dietas restrictivas, Silvina Consolini sobre la obra de la escritora italiana Susana Tamaro y la prestigiosa escritora porte\u00f1a Luisa Valenzuela hablar\u00e1 sobre su libro \u00abLa m\u00e1scara sarda, el profundo secreto de Per\u00f3n\u00bb. La organizaci\u00f3n Hastinapura ofrecer\u00e1 tambi\u00e9n una disertaci\u00f3n. <\/p>\n<p>La feria reservar\u00e1 un espacio importante para los ni\u00f1os y adolescentes. El viernes 5 a las 18:00 habr\u00e1 un interesante disertaci\u00f3n, \u00abEl secreto de los f\u00f3siles\u00bb, a cargo de Jos\u00e9 Lu\u00eds Aguilar, integrante del Museo Paleontol\u00f3gico, disertaci\u00f3n que con seguridad, ser\u00e1 disfrutada tambi\u00e9n por los adultos que quieran conocer m\u00e1s de cerca la fant\u00e1stica tarea del Grupo Conservacionista de F\u00f3siles en nuestra ciudad y que tiene alcance mundial.<br \/>\nEl s\u00e1bado, tambi\u00e9n desde las 18:00 se les contar\u00e1n cuentos a los ni\u00f1os. Podr\u00e1n disfrutar a un grupo de abuelas narradoras de cuentos \u00abpara los m\u00e1s chicos\u00bb denominado Grupo de Ra\u00edces Sardas, que nos visitar\u00e1n desde San Isidro.<\/p>\n<p>Y un poco m\u00e1s tarde, Mirta Mantovani, nuestra prestigiosa escritora de cuentos infantiles, presentar\u00e1 su nuevo libro \u00ab\u00a1Qu\u00e9 familia m\u00e1s cuentera!\u00bb y habr\u00e1 una actuaci\u00f3n para disfrutar por la gente menuda.<\/p>\n<p>Como es costumbre, las jornadas se cerrar\u00e1n con actuaciones musicales, esta vez a cargo del cantante de tangos Rub\u00e9n Molina y del Coro de la Sociedad. El cierre del d\u00eda s\u00e1bado el espacio estar\u00e1 reservado para el taller de Cine y Reflexi\u00f3n, donde se proyectar\u00e1 una pel\u00edcula y se finalizar\u00e1 con un debate conducido por las licenciadas Paulina Rolfo y Gabriela Batalla.<\/p>\n<p>La Sociedad Italiana agradece el auspicio del C\u00edrculo de Ra\u00edces  Sardas de San Isidro que permitir\u00e1 contar con la visita de las abuelas narradoras y de la escritora Luisa Valenzuela.<\/p>\n","protected":false},"excerpt":{"rendered":"<p>La Sociedad Italiana de San Pedro alista sus instalaciones para ofrecer su V Feria del Libro y del Escritor Sampedrino. Tendr\u00e1 lugar en su sede social los d\u00edas 5, 6 y 7 de Octubre con horario de inicio de actividades a las 18 hs. Durante la puesta, presentar\u00e1n libros los autores sampedrinos Fausto Olmos, D\u00e9bora [&hellip;]<\/p>\n","protected":false},"author":4,"featured_media":40585,"comment_status":"open","ping_status":"closed","sticky":false,"template":"","format":"standard","meta":{"om_disable_all_campaigns":false,"_jetpack_memberships_contains_paid_content":false,"footnotes":""},"categories":[101,2],"tags":[],"class_list":["post-40576","post","type-post","status-publish","format-standard","has-post-thumbnail","hentry","category-interes-general-locales","category-locales"],"aioseo_notices":[],"gutentor_comment":0,"jetpack_featured_media_url":"https:\/\/eldiariodesanpedro.com.ar\/sitio\/wp-content\/uploads\/2018\/09\/feria-libro-madrid-ktlC-620x349@abc.jpg","jetpack_shortlink":"https:\/\/wp.me\/p6RhLt-ays","jetpack_sharing_enabled":true,"_links":{"self":[{"href":"https:\/\/eldiariodesanpedro.com.ar\/sitio\/wp-json\/wp\/v2\/posts\/40576","targetHints":{"allow":["GET"]}}],"collection":[{"href":"https:\/\/eldiariodesanpedro.com.ar\/sitio\/wp-json\/wp\/v2\/posts"}],"about":[{"href":"https:\/\/eldiariodesanpedro.com.ar\/sitio\/wp-json\/wp\/v2\/types\/post"}],"author":[{"embeddable":true,"href":"https:\/\/eldiariodesanpedro.com.ar\/sitio\/wp-json\/wp\/v2\/users\/4"}],"replies":[{"embeddable":true,"href":"https:\/\/eldiariodesanpedro.com.ar\/sitio\/wp-json\/wp\/v2\/comments?post=40576"}],"version-history":[{"count":2,"href":"https:\/\/eldiariodesanpedro.com.ar\/sitio\/wp-json\/wp\/v2\/posts\/40576\/revisions"}],"predecessor-version":[{"id":40590,"href":"https:\/\/eldiariodesanpedro.com.ar\/sitio\/wp-json\/wp\/v2\/posts\/40576\/revisions\/40590"}],"wp:featuredmedia":[{"embeddable":true,"href":"https:\/\/eldiariodesanpedro.com.ar\/sitio\/wp-json\/wp\/v2\/media\/40585"}],"wp:attachment":[{"href":"https:\/\/eldiariodesanpedro.com.ar\/sitio\/wp-json\/wp\/v2\/media?parent=40576"}],"wp:term":[{"taxonomy":"category","embeddable":true,"href":"https:\/\/eldiariodesanpedro.com.ar\/sitio\/wp-json\/wp\/v2\/categories?post=40576"},{"taxonomy":"post_tag","embeddable":true,"href":"https:\/\/eldiariodesanpedro.com.ar\/sitio\/wp-json\/wp\/v2\/tags?post=40576"}],"curies":[{"name":"wp","href":"https:\/\/api.w.org\/{rel}","templated":true}]}}