{"id":40571,"date":"2018-09-20T09:23:08","date_gmt":"2018-09-20T12:23:08","guid":{"rendered":"https:\/\/eldiariodesanpedro.com.ar\/sitio\/?p=40571"},"modified":"2018-09-20T09:23:08","modified_gmt":"2018-09-20T12:23:08","slug":"roban-una-moto-y-una-bicicleta-del-patio-de-ambas-casas","status":"publish","type":"post","link":"https:\/\/eldiariodesanpedro.com.ar\/sitio\/roban-una-moto-y-una-bicicleta-del-patio-de-ambas-casas\/","title":{"rendered":"Roban una moto y una bicicleta del patio de ambas casas"},"content":{"rendered":"<p><!-- VideographyWP Plugin Message: Automatic video embedding prevented by plugin options. --><br \/>\nDos denuncias fueron registradas en el d\u00eda  mi\u00e9rcoles en la Dependencia Local, por el robo de una bicicleta y de una moto. Ambas fueron sustra\u00eddas del patio de sus viviendas.<\/p>\n<p>La primer denuncia la realizo una mujer de 36 a\u00f1os de edad, quien constato que autores ignorados hab\u00edan ingresado sin causar violencia, sustray\u00e9ndole del interior del patio de su domicilio sito en calle Benefactora Sampedrina aL 2000, una bicicleta Montanbike.<\/p>\n<p>Y por la nota, una mujer de  41, que en horas de la tarde noche, malvivientes teniendo la misma modalidad que el anterior hecho delictivo le sustraen de su patio, en la intersecci\u00f3n de las Calles Casella y Hermano Indio su motocicleta 110 cc.<\/p>\n<p>Investiga ambos hechos la fiscal\u00eda en turno de San Pedro.<\/p>\n","protected":false},"excerpt":{"rendered":"<p>Dos denuncias fueron registradas en el d\u00eda mi\u00e9rcoles en la Dependencia Local, por el robo de una bicicleta y de una moto. Ambas fueron sustra\u00eddas del patio de sus viviendas. La primer denuncia la realizo una mujer de 36 a\u00f1os de edad, quien constato que autores ignorados hab\u00edan ingresado sin causar violencia, sustray\u00e9ndole del interior [&hellip;]<\/p>\n","protected":false},"author":4,"featured_media":32908,"comment_status":"open","ping_status":"closed","sticky":false,"template":"","format":"standard","meta":{"om_disable_all_campaigns":false,"_jetpack_memberships_contains_paid_content":false,"footnotes":""},"categories":[2,103],"tags":[],"class_list":["post-40571","post","type-post","status-publish","format-standard","has-post-thumbnail","hentry","category-locales","category-policiales-locales"],"aioseo_notices":[],"gutentor_comment":0,"jetpack_featured_media_url":"https:\/\/eldiariodesanpedro.com.ar\/sitio\/wp-content\/uploads\/2018\/05\/patrullero-nuevo_3.jpg","jetpack_shortlink":"https:\/\/wp.me\/p6RhLt-ayn","jetpack_sharing_enabled":true,"_links":{"self":[{"href":"https:\/\/eldiariodesanpedro.com.ar\/sitio\/wp-json\/wp\/v2\/posts\/40571","targetHints":{"allow":["GET"]}}],"collection":[{"href":"https:\/\/eldiariodesanpedro.com.ar\/sitio\/wp-json\/wp\/v2\/posts"}],"about":[{"href":"https:\/\/eldiariodesanpedro.com.ar\/sitio\/wp-json\/wp\/v2\/types\/post"}],"author":[{"embeddable":true,"href":"https:\/\/eldiariodesanpedro.com.ar\/sitio\/wp-json\/wp\/v2\/users\/4"}],"replies":[{"embeddable":true,"href":"https:\/\/eldiariodesanpedro.com.ar\/sitio\/wp-json\/wp\/v2\/comments?post=40571"}],"version-history":[{"count":1,"href":"https:\/\/eldiariodesanpedro.com.ar\/sitio\/wp-json\/wp\/v2\/posts\/40571\/revisions"}],"predecessor-version":[{"id":40572,"href":"https:\/\/eldiariodesanpedro.com.ar\/sitio\/wp-json\/wp\/v2\/posts\/40571\/revisions\/40572"}],"wp:featuredmedia":[{"embeddable":true,"href":"https:\/\/eldiariodesanpedro.com.ar\/sitio\/wp-json\/wp\/v2\/media\/32908"}],"wp:attachment":[{"href":"https:\/\/eldiariodesanpedro.com.ar\/sitio\/wp-json\/wp\/v2\/media?parent=40571"}],"wp:term":[{"taxonomy":"category","embeddable":true,"href":"https:\/\/eldiariodesanpedro.com.ar\/sitio\/wp-json\/wp\/v2\/categories?post=40571"},{"taxonomy":"post_tag","embeddable":true,"href":"https:\/\/eldiariodesanpedro.com.ar\/sitio\/wp-json\/wp\/v2\/tags?post=40571"}],"curies":[{"name":"wp","href":"https:\/\/api.w.org\/{rel}","templated":true}]}}