{"id":40569,"date":"2018-09-20T09:08:31","date_gmt":"2018-09-20T12:08:31","guid":{"rendered":"https:\/\/eldiariodesanpedro.com.ar\/sitio\/?p=40569"},"modified":"2018-09-20T09:08:31","modified_gmt":"2018-09-20T12:08:31","slug":"tres-personas-aprehendidas-y-un-rodado-secuestrado-en-marco-de-operativos","status":"publish","type":"post","link":"https:\/\/eldiariodesanpedro.com.ar\/sitio\/tres-personas-aprehendidas-y-un-rodado-secuestrado-en-marco-de-operativos\/","title":{"rendered":"Tres personas aprehendidas y un rodado secuestrado en marco de operativos"},"content":{"rendered":"<p><!-- VideographyWP Plugin Message: Automatic video embedding prevented by plugin options. --><br \/>\nEn marco de distintos operativos de interceptaci\u00f3n vehicular y de personas, que se vienen realizando todos los d\u00edas en nuestra ciudad, se procedi\u00f3 a la aprehensi\u00f3n de dos ciudadanos en distintas direcciones por tener pedido de paradero activo y el secuestro de un rodado por tener captura activa por el delito de hurto.<\/p>\n<p>La primera que presenta el parte policial fue en horas de la tarde, personal de la comisaria junto al del Destacamento Santa Lucia, se identifica a una ciudadana de 31 a\u00f1os de edad, quien circulaba a bordo de motocicleta 110 cc, que arrojado los datos de este rodado el mismo presenta Pedido activo de secuestro con fecha de alta 8 de Septiembre del 2014, con caratula de hurto, mantenida comunicaci\u00f3n con fiscal\u00eda actuante dispone secuestro del rodado, notificaci\u00f3n de formaci\u00f3n de causa y posterior libertad de la mujer.<\/p>\n<p>Tambi\u00e9n en horas de la tarde Personal de comisaria, en la intersecci\u00f3n de calle Mateo Sbert y Lavalle de este medio, procede a la aprehensi\u00f3n de un joven 27 con pedido de captura activo del d\u00eda 10 de Julio de 2007, con intervenci\u00f3n del Tribunal de Menores Depto. Judicial San Nicol\u00e1s y en intersecci\u00f3n de las calles Jose Hernandez y Dr Rojas proceden a la aprehension de otro joven de 24 con paradero activo del d\u00eda 25 de Junio de 2013,  con intervenci\u00f3n del UFI del Joven Depto. Judicial San Nicol\u00e1s.<\/p>\n<p>Se mantiene comunicaci\u00f3n telef\u00f3nica con magistrado interviniente quien solicita Recaudos legales y posterior orden<br \/>\n a la Libertad de los j\u00f3venes.<\/p>\n","protected":false},"excerpt":{"rendered":"<p>En marco de distintos operativos de interceptaci\u00f3n vehicular y de personas, que se vienen realizando todos los d\u00edas en nuestra ciudad, se procedi\u00f3 a la aprehensi\u00f3n de dos ciudadanos en distintas direcciones por tener pedido de paradero activo y el secuestro de un rodado por tener captura activa por el delito de hurto. La primera [&hellip;]<\/p>\n","protected":false},"author":4,"featured_media":23313,"comment_status":"open","ping_status":"closed","sticky":false,"template":"","format":"standard","meta":{"om_disable_all_campaigns":false,"_jetpack_memberships_contains_paid_content":false,"footnotes":""},"categories":[2,103],"tags":[],"class_list":["post-40569","post","type-post","status-publish","format-standard","has-post-thumbnail","hentry","category-locales","category-policiales-locales"],"aioseo_notices":[],"gutentor_comment":0,"jetpack_featured_media_url":"https:\/\/eldiariodesanpedro.com.ar\/sitio\/wp-content\/uploads\/2017\/09\/patrulla-nocturna.jpg","jetpack_shortlink":"https:\/\/wp.me\/p6RhLt-ayl","jetpack_sharing_enabled":true,"_links":{"self":[{"href":"https:\/\/eldiariodesanpedro.com.ar\/sitio\/wp-json\/wp\/v2\/posts\/40569","targetHints":{"allow":["GET"]}}],"collection":[{"href":"https:\/\/eldiariodesanpedro.com.ar\/sitio\/wp-json\/wp\/v2\/posts"}],"about":[{"href":"https:\/\/eldiariodesanpedro.com.ar\/sitio\/wp-json\/wp\/v2\/types\/post"}],"author":[{"embeddable":true,"href":"https:\/\/eldiariodesanpedro.com.ar\/sitio\/wp-json\/wp\/v2\/users\/4"}],"replies":[{"embeddable":true,"href":"https:\/\/eldiariodesanpedro.com.ar\/sitio\/wp-json\/wp\/v2\/comments?post=40569"}],"version-history":[{"count":1,"href":"https:\/\/eldiariodesanpedro.com.ar\/sitio\/wp-json\/wp\/v2\/posts\/40569\/revisions"}],"predecessor-version":[{"id":40570,"href":"https:\/\/eldiariodesanpedro.com.ar\/sitio\/wp-json\/wp\/v2\/posts\/40569\/revisions\/40570"}],"wp:featuredmedia":[{"embeddable":true,"href":"https:\/\/eldiariodesanpedro.com.ar\/sitio\/wp-json\/wp\/v2\/media\/23313"}],"wp:attachment":[{"href":"https:\/\/eldiariodesanpedro.com.ar\/sitio\/wp-json\/wp\/v2\/media?parent=40569"}],"wp:term":[{"taxonomy":"category","embeddable":true,"href":"https:\/\/eldiariodesanpedro.com.ar\/sitio\/wp-json\/wp\/v2\/categories?post=40569"},{"taxonomy":"post_tag","embeddable":true,"href":"https:\/\/eldiariodesanpedro.com.ar\/sitio\/wp-json\/wp\/v2\/tags?post=40569"}],"curies":[{"name":"wp","href":"https:\/\/api.w.org\/{rel}","templated":true}]}}