{"id":40567,"date":"2018-09-20T08:52:42","date_gmt":"2018-09-20T11:52:42","guid":{"rendered":"https:\/\/eldiariodesanpedro.com.ar\/sitio\/?p=40567"},"modified":"2018-09-20T08:52:42","modified_gmt":"2018-09-20T11:52:42","slug":"detuvieron-a-un-delincuente-acusado-del-robo-a-la-empleada-de-coplac","status":"publish","type":"post","link":"https:\/\/eldiariodesanpedro.com.ar\/sitio\/detuvieron-a-un-delincuente-acusado-del-robo-a-la-empleada-de-coplac\/","title":{"rendered":"Detuvieron a un delincuente acusado del robo a la empleada de Coplac"},"content":{"rendered":"<p><!-- VideographyWP Plugin Message: Automatic video embedding prevented by plugin options. --><br \/>\nEn la ma\u00f1ana del mi\u00e9rcoles, personal del gabinete criminol\u00f3gico de la comisaria junto a DDI Local, proceden a la detenci\u00f3n con orden judicial, de un joven de 25 a\u00f1os de edad, con frondosos antecedentes.<\/p>\n<p>Dicha orden fue extendida tras r\u00e1pido accionar de la justicia y de la fiscal\u00eda en turno de San Pedro, imputado del delito de robo agravado, ocurrido en la madrugada del d\u00eda martes y que fuera de publico conocimiento ante las declaraciones de la victima.<\/p>\n<p>El hecho sucedi\u00f3 en la casa ubicada en Hermano Indio al 800. La mujer estaba con sus tres hijos adolescentes cuando los ladrones, dos j\u00f3venes con el rostro cubierto, violentaron la puerta e ingresaron. A punta de pistola, los amenazaron y les exig\u00edan dinero pensando que\u00a0podr\u00eda tener la victima, fondos provenientes de la indemnizaci\u00f3n, por haber sido despedida de la planta Coplac.<\/p>\n<p>El detenido permanece en sede policial. Se intensifican las averiguaciones en pos de lograr el secuestro de lo efectos sustra\u00eddos.<\/p>\n","protected":false},"excerpt":{"rendered":"<p>En la ma\u00f1ana del mi\u00e9rcoles, personal del gabinete criminol\u00f3gico de la comisaria junto a DDI Local, proceden a la detenci\u00f3n con orden judicial, de un joven de 25 a\u00f1os de edad, con frondosos antecedentes. Dicha orden fue extendida tras r\u00e1pido accionar de la justicia y de la fiscal\u00eda en turno de San Pedro, imputado del [&hellip;]<\/p>\n","protected":false},"author":4,"featured_media":29146,"comment_status":"open","ping_status":"closed","sticky":false,"template":"","format":"standard","meta":{"om_disable_all_campaigns":false,"_jetpack_memberships_contains_paid_content":false,"footnotes":""},"categories":[50,2,103],"tags":[],"class_list":["post-40567","post","type-post","status-publish","format-standard","has-post-thumbnail","hentry","category-destacadas","category-locales","category-policiales-locales"],"aioseo_notices":[],"gutentor_comment":0,"jetpack_featured_media_url":"https:\/\/eldiariodesanpedro.com.ar\/sitio\/wp-content\/uploads\/2018\/02\/El-sujeto-aprehendido.jpg","jetpack_shortlink":"https:\/\/wp.me\/p6RhLt-ayj","jetpack_sharing_enabled":true,"_links":{"self":[{"href":"https:\/\/eldiariodesanpedro.com.ar\/sitio\/wp-json\/wp\/v2\/posts\/40567","targetHints":{"allow":["GET"]}}],"collection":[{"href":"https:\/\/eldiariodesanpedro.com.ar\/sitio\/wp-json\/wp\/v2\/posts"}],"about":[{"href":"https:\/\/eldiariodesanpedro.com.ar\/sitio\/wp-json\/wp\/v2\/types\/post"}],"author":[{"embeddable":true,"href":"https:\/\/eldiariodesanpedro.com.ar\/sitio\/wp-json\/wp\/v2\/users\/4"}],"replies":[{"embeddable":true,"href":"https:\/\/eldiariodesanpedro.com.ar\/sitio\/wp-json\/wp\/v2\/comments?post=40567"}],"version-history":[{"count":1,"href":"https:\/\/eldiariodesanpedro.com.ar\/sitio\/wp-json\/wp\/v2\/posts\/40567\/revisions"}],"predecessor-version":[{"id":40568,"href":"https:\/\/eldiariodesanpedro.com.ar\/sitio\/wp-json\/wp\/v2\/posts\/40567\/revisions\/40568"}],"wp:featuredmedia":[{"embeddable":true,"href":"https:\/\/eldiariodesanpedro.com.ar\/sitio\/wp-json\/wp\/v2\/media\/29146"}],"wp:attachment":[{"href":"https:\/\/eldiariodesanpedro.com.ar\/sitio\/wp-json\/wp\/v2\/media?parent=40567"}],"wp:term":[{"taxonomy":"category","embeddable":true,"href":"https:\/\/eldiariodesanpedro.com.ar\/sitio\/wp-json\/wp\/v2\/categories?post=40567"},{"taxonomy":"post_tag","embeddable":true,"href":"https:\/\/eldiariodesanpedro.com.ar\/sitio\/wp-json\/wp\/v2\/tags?post=40567"}],"curies":[{"name":"wp","href":"https:\/\/api.w.org\/{rel}","templated":true}]}}