{"id":40561,"date":"2018-09-19T20:55:40","date_gmt":"2018-09-19T23:55:40","guid":{"rendered":"https:\/\/eldiariodesanpedro.com.ar\/sitio\/?p=40561"},"modified":"2026-01-24T00:10:51","modified_gmt":"2026-01-24T03:10:51","slug":"rally-sin-suerte-para-los-sampedrinos","status":"publish","type":"post","link":"https:\/\/eldiariodesanpedro.com.ar\/sitio\/rally-sin-suerte-para-los-sampedrinos\/","title":{"rendered":"RALLY: Sin suerte para los sampedrinos"},"content":{"rendered":"<p><!-- VideographyWP Plugin Message: Automatic video embedding prevented by plugin options. --><br \/>\nJunto a Pergamino, Arrecifes, se mete entre una de las mejores carreras de la temporada. Un gran parque de autos y caminos muy r\u00e1pidos y t\u00e9cnicos hicieron de este rally un verdadero desaf\u00edo, que se cobr\u00f3 casi la mitad del parque automotor.<\/p>\n<p>  En total 65 fueron los habilitados para largar la carrera, entre ellos y como es habitual estuvieron los de San Pedro, V\u00edctor Solmi en la N7 y \u201cViti\u201d Solmi en la N3.<\/p>\n<p>  Para V\u00edctor Manuel la carrera fue positiva en la primera etapa, ya que luego de 80 kil\u00f3metros cronometrados, se alz\u00f3 con el tercer puesto en el clasificador de la N7. En la etapa del domingo la suerte no lo acompa\u00f1\u00f3, ya que en un frenaje el auto recibe un golpe que da\u00f1a la carcasa del porta-corona. Pese a este resultado, el saldo es bueno viendo el lado positivo, ya que mientras el auto estuvo en carrera fueron grandes animadores peleando por los primeros puestos.<\/p>\n<p>  Otros de los que no corrieron suerte fueron los del equipo de \u201cViti\u201d Solmi, lamentablemente, no pudieron concluir la carrera al abandonar en la etapa del s\u00e1bado, cuando tambi\u00e9n peleaban por los puestos de podios.<br \/>\n  El pr\u00f3ximo compromiso del Rally Federal ser\u00e1 los d\u00edas 19, 20 y 21 de octubre en Lobos, otra ciudad que vuelve a recuperar el Rally tras muchos a\u00f1os de ausencia.<\/p>\n","protected":false},"excerpt":{"rendered":"<p>Junto a Pergamino, Arrecifes, se mete entre una de las mejores carreras de la temporada. Un gran parque de autos y caminos muy r\u00e1pidos y t\u00e9cnicos hicieron de este rally un verdadero desaf\u00edo, que se cobr\u00f3 casi la mitad del parque automotor. En total 65 fueron los habilitados para largar la carrera, entre ellos y [&hellip;]<\/p>\n","protected":false},"author":4,"featured_media":40563,"comment_status":"open","ping_status":"closed","sticky":false,"template":"","format":"standard","meta":{"om_disable_all_campaigns":false,"_jetpack_memberships_contains_paid_content":false,"footnotes":""},"categories":[5],"tags":[],"class_list":["post-40561","post","type-post","status-publish","format-standard","has-post-thumbnail","hentry","category-deportes"],"aioseo_notices":[],"gutentor_comment":0,"jetpack_featured_media_url":"https:\/\/eldiariodesanpedro.com.ar\/sitio\/wp-content\/uploads\/2018\/09\/solmi-rally.jpg","jetpack_shortlink":"https:\/\/wp.me\/p6RhLt-ayd","jetpack_sharing_enabled":true,"_links":{"self":[{"href":"https:\/\/eldiariodesanpedro.com.ar\/sitio\/wp-json\/wp\/v2\/posts\/40561","targetHints":{"allow":["GET"]}}],"collection":[{"href":"https:\/\/eldiariodesanpedro.com.ar\/sitio\/wp-json\/wp\/v2\/posts"}],"about":[{"href":"https:\/\/eldiariodesanpedro.com.ar\/sitio\/wp-json\/wp\/v2\/types\/post"}],"author":[{"embeddable":true,"href":"https:\/\/eldiariodesanpedro.com.ar\/sitio\/wp-json\/wp\/v2\/users\/4"}],"replies":[{"embeddable":true,"href":"https:\/\/eldiariodesanpedro.com.ar\/sitio\/wp-json\/wp\/v2\/comments?post=40561"}],"version-history":[{"count":1,"href":"https:\/\/eldiariodesanpedro.com.ar\/sitio\/wp-json\/wp\/v2\/posts\/40561\/revisions"}],"predecessor-version":[{"id":40564,"href":"https:\/\/eldiariodesanpedro.com.ar\/sitio\/wp-json\/wp\/v2\/posts\/40561\/revisions\/40564"}],"wp:featuredmedia":[{"embeddable":true,"href":"https:\/\/eldiariodesanpedro.com.ar\/sitio\/wp-json\/wp\/v2\/media\/40563"}],"wp:attachment":[{"href":"https:\/\/eldiariodesanpedro.com.ar\/sitio\/wp-json\/wp\/v2\/media?parent=40561"}],"wp:term":[{"taxonomy":"category","embeddable":true,"href":"https:\/\/eldiariodesanpedro.com.ar\/sitio\/wp-json\/wp\/v2\/categories?post=40561"},{"taxonomy":"post_tag","embeddable":true,"href":"https:\/\/eldiariodesanpedro.com.ar\/sitio\/wp-json\/wp\/v2\/tags?post=40561"}],"curies":[{"name":"wp","href":"https:\/\/api.w.org\/{rel}","templated":true}]}}