{"id":40323,"date":"2018-09-16T20:55:53","date_gmt":"2018-09-16T23:55:53","guid":{"rendered":"https:\/\/eldiariodesanpedro.com.ar\/sitio\/?p=40323"},"modified":"2026-01-24T00:10:52","modified_gmt":"2026-01-24T03:10:52","slug":"atletismo-rodrigo-salazar-gano-la-3-edicion-de-cef-corre","status":"publish","type":"post","link":"https:\/\/eldiariodesanpedro.com.ar\/sitio\/atletismo-rodrigo-salazar-gano-la-3-edicion-de-cef-corre\/","title":{"rendered":"ATLETISMO: Rodrigo Salazar gan\u00f3 la 3\u00b0 edici\u00f3n de CEF Corre"},"content":{"rendered":"<p><!-- VideographyWP Plugin Message: Automatic video embedding prevented by plugin options. --><br \/>\n  En el marco del 40\u00ba aniversario del Centro de Educaci\u00f3n F\u00edsica (CEF) se llevar\u00e1 a cabo la ya tradicional competencia atl\u00e9tica \u201cCEF Corre\u201d en su tercera edici\u00f3n. Tuvo epicentro en el Paseo P\u00fablico Municipal y alrededor de 200 atletas fueron de la partida en todas sus modalidades (Participativa 3km, 5km y 10km).<\/p>\n<p>  Rodrigo Salazar se qued\u00f3 con el triunfo en la prueba principal con un tiempo de 34m25s. Entre las damas fue ganadora Laura Gonz\u00e1lez quien realiz\u00f3 un tiempo de 44m08s.<\/p>\n<p><strong>General<\/strong><\/p>\n<p><strong>5km<\/strong><br \/>\n<em>Varones<\/em><br \/>\n1\u00b0- Esteban Peralta (19m40s)<br \/>\n2\u00b0- Jonathan Blanco (20m47s)<br \/>\n3\u00b0- Jos\u00edas Ortiz (21m50s)<\/p>\n<p><em>Damas<\/em><br \/>\n1\u00b0- Carolina Miranda (24m28s)<br \/>\n2\u00b0- Ang\u00e9lica Ver\u00f3n (24m47s)<br \/>\n3\u00b0- Camila Pucurull (25m17s)<\/p>\n<p><strong>10km<\/strong><br \/>\n<em>Varones<\/em><br \/>\n1\u00b0- Rodrigo Salazar (34m25s)<br \/>\n2\u00b0- Segundo Ver\u00f3n (36m11s)<br \/>\n3\u00b0- Daniel Artigues (36m56s)<\/p>\n<p><em>Damas<\/em><br \/>\n1\u00b0- Laura Gonz\u00e1lez (44m08s)<br \/>\n2\u00b0- Iris Ver\u00f3n (47m09s)<br \/>\n3\u00b0- Karina Ritcher (47m12s)<\/p>\n","protected":false},"excerpt":{"rendered":"<p>En el marco del 40\u00ba aniversario del Centro de Educaci\u00f3n F\u00edsica (CEF) se llevar\u00e1 a cabo la ya tradicional competencia atl\u00e9tica \u201cCEF Corre\u201d en su tercera edici\u00f3n. Tuvo epicentro en el Paseo P\u00fablico Municipal y alrededor de 200 atletas fueron de la partida en todas sus modalidades (Participativa 3km, 5km y 10km). Rodrigo Salazar se [&hellip;]<\/p>\n","protected":false},"author":4,"featured_media":40326,"comment_status":"open","ping_status":"closed","sticky":false,"template":"","format":"standard","meta":{"om_disable_all_campaigns":false,"_jetpack_memberships_contains_paid_content":false,"footnotes":""},"categories":[5],"tags":[],"class_list":["post-40323","post","type-post","status-publish","format-standard","has-post-thumbnail","hentry","category-deportes"],"aioseo_notices":[],"gutentor_comment":0,"jetpack_featured_media_url":"https:\/\/eldiariodesanpedro.com.ar\/sitio\/wp-content\/uploads\/2018\/09\/Rodrigo-Salazar.jpg","jetpack_shortlink":"https:\/\/wp.me\/p6RhLt-aun","jetpack_sharing_enabled":true,"_links":{"self":[{"href":"https:\/\/eldiariodesanpedro.com.ar\/sitio\/wp-json\/wp\/v2\/posts\/40323","targetHints":{"allow":["GET"]}}],"collection":[{"href":"https:\/\/eldiariodesanpedro.com.ar\/sitio\/wp-json\/wp\/v2\/posts"}],"about":[{"href":"https:\/\/eldiariodesanpedro.com.ar\/sitio\/wp-json\/wp\/v2\/types\/post"}],"author":[{"embeddable":true,"href":"https:\/\/eldiariodesanpedro.com.ar\/sitio\/wp-json\/wp\/v2\/users\/4"}],"replies":[{"embeddable":true,"href":"https:\/\/eldiariodesanpedro.com.ar\/sitio\/wp-json\/wp\/v2\/comments?post=40323"}],"version-history":[{"count":1,"href":"https:\/\/eldiariodesanpedro.com.ar\/sitio\/wp-json\/wp\/v2\/posts\/40323\/revisions"}],"predecessor-version":[{"id":40328,"href":"https:\/\/eldiariodesanpedro.com.ar\/sitio\/wp-json\/wp\/v2\/posts\/40323\/revisions\/40328"}],"wp:featuredmedia":[{"embeddable":true,"href":"https:\/\/eldiariodesanpedro.com.ar\/sitio\/wp-json\/wp\/v2\/media\/40326"}],"wp:attachment":[{"href":"https:\/\/eldiariodesanpedro.com.ar\/sitio\/wp-json\/wp\/v2\/media?parent=40323"}],"wp:term":[{"taxonomy":"category","embeddable":true,"href":"https:\/\/eldiariodesanpedro.com.ar\/sitio\/wp-json\/wp\/v2\/categories?post=40323"},{"taxonomy":"post_tag","embeddable":true,"href":"https:\/\/eldiariodesanpedro.com.ar\/sitio\/wp-json\/wp\/v2\/tags?post=40323"}],"curies":[{"name":"wp","href":"https:\/\/api.w.org\/{rel}","templated":true}]}}