{"id":40320,"date":"2018-09-16T20:53:28","date_gmt":"2018-09-16T23:53:28","guid":{"rendered":"https:\/\/eldiariodesanpedro.com.ar\/sitio\/?p=40320"},"modified":"2026-01-24T00:10:53","modified_gmt":"2026-01-24T03:10:53","slug":"hockey-aho-nautico-fue-mas-que-los-andes","status":"publish","type":"post","link":"https:\/\/eldiariodesanpedro.com.ar\/sitio\/hockey-aho-nautico-fue-mas-que-los-andes\/","title":{"rendered":"HOCKEY AHO: N\u00e1utico fue m\u00e1s que Los Andes"},"content":{"rendered":"<p><!-- VideographyWP Plugin Message: Automatic video embedding prevented by plugin options. --><br \/>\n  Los dos equipos de San Pedro que disputan los torneos de la Asociaci\u00f3n de Hockey del Oeste, recuperando otra fecha suspendida, la sexta jugaron este s\u00e1bado.<br \/>\n  Los puntos en su mayor\u00eda quedaron para el \u201cceleste\u201d, ya que gan\u00f3 en tres de las cuatro divisiones.<\/p>\n<p><strong>Resultados y goleadoras<\/strong><br \/>\nS\u00e9ptima: N\u00e1utico San Pedro 0- Los Andes 0<br \/>\nSexta: N\u00e1utico San Pedro 1 (Luc\u00eda Regueiro)- Los Andes 0<br \/>\nQuinta: N\u00e1utico San Pedro 1 (Milagros Barcel\u00f3) &#8211; Los Andes 0<br \/>\nPrimera: N\u00e1utico San Pedro 2 (Milagros Barcel\u00f3 y Camila Sagasta)- Los Andes 0  <\/p>\n","protected":false},"excerpt":{"rendered":"<p>Los dos equipos de San Pedro que disputan los torneos de la Asociaci\u00f3n de Hockey del Oeste, recuperando otra fecha suspendida, la sexta jugaron este s\u00e1bado. Los puntos en su mayor\u00eda quedaron para el \u201cceleste\u201d, ya que gan\u00f3 en tres de las cuatro divisiones. Resultados y goleadoras S\u00e9ptima: N\u00e1utico San Pedro 0- Los Andes 0 [&hellip;]<\/p>\n","protected":false},"author":4,"featured_media":40322,"comment_status":"open","ping_status":"closed","sticky":false,"template":"","format":"standard","meta":{"om_disable_all_campaigns":false,"_jetpack_memberships_contains_paid_content":false,"footnotes":""},"categories":[5],"tags":[],"class_list":["post-40320","post","type-post","status-publish","format-standard","has-post-thumbnail","hentry","category-deportes"],"aioseo_notices":[],"gutentor_comment":0,"jetpack_featured_media_url":"https:\/\/eldiariodesanpedro.com.ar\/sitio\/wp-content\/uploads\/2018\/09\/Esta-vez-N\u00e1utico-impuso-su-experiencia-en-el-torneo.jpg","jetpack_shortlink":"https:\/\/wp.me\/p6RhLt-auk","jetpack_sharing_enabled":true,"_links":{"self":[{"href":"https:\/\/eldiariodesanpedro.com.ar\/sitio\/wp-json\/wp\/v2\/posts\/40320","targetHints":{"allow":["GET"]}}],"collection":[{"href":"https:\/\/eldiariodesanpedro.com.ar\/sitio\/wp-json\/wp\/v2\/posts"}],"about":[{"href":"https:\/\/eldiariodesanpedro.com.ar\/sitio\/wp-json\/wp\/v2\/types\/post"}],"author":[{"embeddable":true,"href":"https:\/\/eldiariodesanpedro.com.ar\/sitio\/wp-json\/wp\/v2\/users\/4"}],"replies":[{"embeddable":true,"href":"https:\/\/eldiariodesanpedro.com.ar\/sitio\/wp-json\/wp\/v2\/comments?post=40320"}],"version-history":[{"count":1,"href":"https:\/\/eldiariodesanpedro.com.ar\/sitio\/wp-json\/wp\/v2\/posts\/40320\/revisions"}],"predecessor-version":[{"id":40324,"href":"https:\/\/eldiariodesanpedro.com.ar\/sitio\/wp-json\/wp\/v2\/posts\/40320\/revisions\/40324"}],"wp:featuredmedia":[{"embeddable":true,"href":"https:\/\/eldiariodesanpedro.com.ar\/sitio\/wp-json\/wp\/v2\/media\/40322"}],"wp:attachment":[{"href":"https:\/\/eldiariodesanpedro.com.ar\/sitio\/wp-json\/wp\/v2\/media?parent=40320"}],"wp:term":[{"taxonomy":"category","embeddable":true,"href":"https:\/\/eldiariodesanpedro.com.ar\/sitio\/wp-json\/wp\/v2\/categories?post=40320"},{"taxonomy":"post_tag","embeddable":true,"href":"https:\/\/eldiariodesanpedro.com.ar\/sitio\/wp-json\/wp\/v2\/tags?post=40320"}],"curies":[{"name":"wp","href":"https:\/\/api.w.org\/{rel}","templated":true}]}}