{"id":40314,"date":"2018-09-16T20:47:23","date_gmt":"2018-09-16T23:47:23","guid":{"rendered":"https:\/\/eldiariodesanpedro.com.ar\/sitio\/?p=40314"},"modified":"2018-09-16T20:47:23","modified_gmt":"2018-09-16T23:47:23","slug":"zarate-detienen-a-un-sospechoso-de-abuso-sexual-en-barrio-cementerio","status":"publish","type":"post","link":"https:\/\/eldiariodesanpedro.com.ar\/sitio\/zarate-detienen-a-un-sospechoso-de-abuso-sexual-en-barrio-cementerio\/","title":{"rendered":"Z\u00c1RATE: Detienen a un sospechoso de abuso sexual en barrio Cementerio"},"content":{"rendered":"<p><!-- VideographyWP Plugin Message: Automatic video embedding prevented by plugin options. --><br \/>\n  Tras una intensa tarea investigativa en el marco de una causa por abuso sexual, personal de la Direcci\u00f3n Departamental de Investigaciones (DDI) Z\u00e1rate \u2013 Campana detuvo a un sujeto sospechado de ser el autor del hecho.<\/p>\n<p>  El sospechoso de 41 a\u00f1os, era intensamente buscado y pudo ser aprehendido en barrio Cementerio de Z\u00e1rate, donde adem\u00e1s, seg\u00fan las fuentes policiales, vecinos manifestaron que habr\u00eda intentado convencer a menores para que se fueran con \u00e9l.<\/p>\n<p>Fuente: Enlace Cr\u00edtico<\/p>\n","protected":false},"excerpt":{"rendered":"<p>Tras una intensa tarea investigativa en el marco de una causa por abuso sexual, personal de la Direcci\u00f3n Departamental de Investigaciones (DDI) Z\u00e1rate \u2013 Campana detuvo a un sujeto sospechado de ser el autor del hecho. El sospechoso de 41 a\u00f1os, era intensamente buscado y pudo ser aprehendido en barrio Cementerio de Z\u00e1rate, donde adem\u00e1s, [&hellip;]<\/p>\n","protected":false},"author":4,"featured_media":31829,"comment_status":"open","ping_status":"closed","sticky":false,"template":"","format":"standard","meta":{"om_disable_all_campaigns":false,"_jetpack_memberships_contains_paid_content":false,"footnotes":""},"categories":[621],"tags":[],"class_list":["post-40314","post","type-post","status-publish","format-standard","has-post-thumbnail","hentry","category-regionales"],"aioseo_notices":[],"gutentor_comment":0,"jetpack_featured_media_url":"https:\/\/eldiariodesanpedro.com.ar\/sitio\/wp-content\/uploads\/2018\/04\/detenido_658x400_0.jpg","jetpack_shortlink":"https:\/\/wp.me\/p6RhLt-aue","jetpack_sharing_enabled":true,"_links":{"self":[{"href":"https:\/\/eldiariodesanpedro.com.ar\/sitio\/wp-json\/wp\/v2\/posts\/40314","targetHints":{"allow":["GET"]}}],"collection":[{"href":"https:\/\/eldiariodesanpedro.com.ar\/sitio\/wp-json\/wp\/v2\/posts"}],"about":[{"href":"https:\/\/eldiariodesanpedro.com.ar\/sitio\/wp-json\/wp\/v2\/types\/post"}],"author":[{"embeddable":true,"href":"https:\/\/eldiariodesanpedro.com.ar\/sitio\/wp-json\/wp\/v2\/users\/4"}],"replies":[{"embeddable":true,"href":"https:\/\/eldiariodesanpedro.com.ar\/sitio\/wp-json\/wp\/v2\/comments?post=40314"}],"version-history":[{"count":2,"href":"https:\/\/eldiariodesanpedro.com.ar\/sitio\/wp-json\/wp\/v2\/posts\/40314\/revisions"}],"predecessor-version":[{"id":40317,"href":"https:\/\/eldiariodesanpedro.com.ar\/sitio\/wp-json\/wp\/v2\/posts\/40314\/revisions\/40317"}],"wp:featuredmedia":[{"embeddable":true,"href":"https:\/\/eldiariodesanpedro.com.ar\/sitio\/wp-json\/wp\/v2\/media\/31829"}],"wp:attachment":[{"href":"https:\/\/eldiariodesanpedro.com.ar\/sitio\/wp-json\/wp\/v2\/media?parent=40314"}],"wp:term":[{"taxonomy":"category","embeddable":true,"href":"https:\/\/eldiariodesanpedro.com.ar\/sitio\/wp-json\/wp\/v2\/categories?post=40314"},{"taxonomy":"post_tag","embeddable":true,"href":"https:\/\/eldiariodesanpedro.com.ar\/sitio\/wp-json\/wp\/v2\/tags?post=40314"}],"curies":[{"name":"wp","href":"https:\/\/api.w.org\/{rel}","templated":true}]}}