{"id":40308,"date":"2018-09-16T20:43:51","date_gmt":"2018-09-16T23:43:51","guid":{"rendered":"https:\/\/eldiariodesanpedro.com.ar\/sitio\/?p=40308"},"modified":"2018-09-16T20:43:51","modified_gmt":"2018-09-16T23:43:51","slug":"zarate-joven-fallecido-en-el-accidente-de-la-rotonda-de-barrio-bosch","status":"publish","type":"post","link":"https:\/\/eldiariodesanpedro.com.ar\/sitio\/zarate-joven-fallecido-en-el-accidente-de-la-rotonda-de-barrio-bosch\/","title":{"rendered":"Z\u00c1RATE: Joven fallecido en el accidente de la rotonda de barrio Bosch"},"content":{"rendered":"<p><!-- VideographyWP Plugin Message: Automatic video embedding prevented by plugin options. --><br \/>\nEsta ma\u00f1ana se produjo un impactante accidente de tr\u00e1nsito en la rotonda de barrio Bosch de Z\u00e1rate, protagonizado por un Chevrolet Corsa en el que viajaban tres ocupantes.<\/p>\n<p>  Uno de ellos falleci\u00f3 en el acto al salir despedido del veh\u00edculo cuando impact\u00f3 contra un poste de luz. Seg\u00fan pudo averiguar este medio se trata de Gonzalo Arias, de aproximadamente 25 a\u00f1os.<br \/>\n  Las otras dos personas fueron asistidas por la ambulancia del SEMU y 39-11 de Bomberos Voluntarios, y trasladadas al Hospital Virgen del Carmen.<br \/>\n  En el lugar se hizo presente Comando Patrulla, DPU, Bomberos Voluntarios, Polic\u00eda Cient\u00edfica y la gr\u00faa municipal para retirar el Chevrolet Corsa.<\/p>\n<p>Fuente: Enlace Cr\u00edtico<\/p>\n","protected":false},"excerpt":{"rendered":"<p>Esta ma\u00f1ana se produjo un impactante accidente de tr\u00e1nsito en la rotonda de barrio Bosch de Z\u00e1rate, protagonizado por un Chevrolet Corsa en el que viajaban tres ocupantes. Uno de ellos falleci\u00f3 en el acto al salir despedido del veh\u00edculo cuando impact\u00f3 contra un poste de luz. Seg\u00fan pudo averiguar este medio se trata de [&hellip;]<\/p>\n","protected":false},"author":4,"featured_media":40310,"comment_status":"open","ping_status":"closed","sticky":false,"template":"","format":"standard","meta":{"om_disable_all_campaigns":false,"_jetpack_memberships_contains_paid_content":false,"footnotes":""},"categories":[621],"tags":[],"class_list":["post-40308","post","type-post","status-publish","format-standard","has-post-thumbnail","hentry","category-regionales"],"aioseo_notices":[],"gutentor_comment":0,"jetpack_featured_media_url":"https:\/\/eldiariodesanpedro.com.ar\/sitio\/wp-content\/uploads\/2018\/09\/El-auto-impactado-contra-el-poste-de-luz.jpg","jetpack_shortlink":"https:\/\/wp.me\/p6RhLt-au8","jetpack_sharing_enabled":true,"_links":{"self":[{"href":"https:\/\/eldiariodesanpedro.com.ar\/sitio\/wp-json\/wp\/v2\/posts\/40308","targetHints":{"allow":["GET"]}}],"collection":[{"href":"https:\/\/eldiariodesanpedro.com.ar\/sitio\/wp-json\/wp\/v2\/posts"}],"about":[{"href":"https:\/\/eldiariodesanpedro.com.ar\/sitio\/wp-json\/wp\/v2\/types\/post"}],"author":[{"embeddable":true,"href":"https:\/\/eldiariodesanpedro.com.ar\/sitio\/wp-json\/wp\/v2\/users\/4"}],"replies":[{"embeddable":true,"href":"https:\/\/eldiariodesanpedro.com.ar\/sitio\/wp-json\/wp\/v2\/comments?post=40308"}],"version-history":[{"count":1,"href":"https:\/\/eldiariodesanpedro.com.ar\/sitio\/wp-json\/wp\/v2\/posts\/40308\/revisions"}],"predecessor-version":[{"id":40312,"href":"https:\/\/eldiariodesanpedro.com.ar\/sitio\/wp-json\/wp\/v2\/posts\/40308\/revisions\/40312"}],"wp:featuredmedia":[{"embeddable":true,"href":"https:\/\/eldiariodesanpedro.com.ar\/sitio\/wp-json\/wp\/v2\/media\/40310"}],"wp:attachment":[{"href":"https:\/\/eldiariodesanpedro.com.ar\/sitio\/wp-json\/wp\/v2\/media?parent=40308"}],"wp:term":[{"taxonomy":"category","embeddable":true,"href":"https:\/\/eldiariodesanpedro.com.ar\/sitio\/wp-json\/wp\/v2\/categories?post=40308"},{"taxonomy":"post_tag","embeddable":true,"href":"https:\/\/eldiariodesanpedro.com.ar\/sitio\/wp-json\/wp\/v2\/tags?post=40308"}],"curies":[{"name":"wp","href":"https:\/\/api.w.org\/{rel}","templated":true}]}}