{"id":40307,"date":"2018-09-16T20:44:03","date_gmt":"2018-09-16T23:44:03","guid":{"rendered":"https:\/\/eldiariodesanpedro.com.ar\/sitio\/?p=40307"},"modified":"2018-09-16T20:44:03","modified_gmt":"2018-09-16T23:44:03","slug":"ramallo-se-cruzo-el-carril-y-volco-en-el-kilometro-205-de-la-ruta-9","status":"publish","type":"post","link":"https:\/\/eldiariodesanpedro.com.ar\/sitio\/ramallo-se-cruzo-el-carril-y-volco-en-el-kilometro-205-de-la-ruta-9\/","title":{"rendered":"RAMALLO: Se cruz\u00f3 el carril y volc\u00f3 en el kil\u00f3metro 205 de la Ruta 9"},"content":{"rendered":"<p><!-- VideographyWP Plugin Message: Automatic video embedding prevented by plugin options. --><br \/>\nUn rodado volc\u00f3 en la Ruta 9 en la ma\u00f1ana del s\u00e1bado. R\u00e1pidamente fue asistido por bomberos voluntarios, personal del CEM, Vial 3 y polic\u00eda de la Comisar\u00eda Segunda de Villa Ramallo.<\/p>\n<p>  Siendo las 9 y cuarto de la ma\u00f1ana se convoc\u00f3 al personal de bomberos por accidente en Ruta Nacional 9 km 205 carril descendente.<br \/>\n  Al llegar al lugar se encontraron con el vuelco de un autom\u00f3vil Renault Symbol donde circulaban 2 ocupantes.<br \/>\n  Se procedi\u00f3 a la inmovilizaci\u00f3n y extracci\u00f3n de una mujer mientras que, un hombre sali\u00f3 del habit\u00e1culo por sus medios.<br \/>\n  Ambos fueron trasladados al Hospital local por ambulancia de la empresa CEM y Unidad Sanitaria Villa Ramallo.<\/p>\n","protected":false},"excerpt":{"rendered":"<p>Un rodado volc\u00f3 en la Ruta 9 en la ma\u00f1ana del s\u00e1bado. R\u00e1pidamente fue asistido por bomberos voluntarios, personal del CEM, Vial 3 y polic\u00eda de la Comisar\u00eda Segunda de Villa Ramallo. Siendo las 9 y cuarto de la ma\u00f1ana se convoc\u00f3 al personal de bomberos por accidente en Ruta Nacional 9 km 205 carril [&hellip;]<\/p>\n","protected":false},"author":4,"featured_media":40309,"comment_status":"open","ping_status":"closed","sticky":false,"template":"","format":"standard","meta":{"om_disable_all_campaigns":false,"_jetpack_memberships_contains_paid_content":false,"footnotes":""},"categories":[621],"tags":[],"class_list":["post-40307","post","type-post","status-publish","format-standard","has-post-thumbnail","hentry","category-regionales"],"aioseo_notices":[],"gutentor_comment":0,"jetpack_featured_media_url":"https:\/\/eldiariodesanpedro.com.ar\/sitio\/wp-content\/uploads\/2018\/09\/El-auto-accidentado.jpg","jetpack_shortlink":"https:\/\/wp.me\/p6RhLt-au7","jetpack_sharing_enabled":true,"_links":{"self":[{"href":"https:\/\/eldiariodesanpedro.com.ar\/sitio\/wp-json\/wp\/v2\/posts\/40307","targetHints":{"allow":["GET"]}}],"collection":[{"href":"https:\/\/eldiariodesanpedro.com.ar\/sitio\/wp-json\/wp\/v2\/posts"}],"about":[{"href":"https:\/\/eldiariodesanpedro.com.ar\/sitio\/wp-json\/wp\/v2\/types\/post"}],"author":[{"embeddable":true,"href":"https:\/\/eldiariodesanpedro.com.ar\/sitio\/wp-json\/wp\/v2\/users\/4"}],"replies":[{"embeddable":true,"href":"https:\/\/eldiariodesanpedro.com.ar\/sitio\/wp-json\/wp\/v2\/comments?post=40307"}],"version-history":[{"count":1,"href":"https:\/\/eldiariodesanpedro.com.ar\/sitio\/wp-json\/wp\/v2\/posts\/40307\/revisions"}],"predecessor-version":[{"id":40313,"href":"https:\/\/eldiariodesanpedro.com.ar\/sitio\/wp-json\/wp\/v2\/posts\/40307\/revisions\/40313"}],"wp:featuredmedia":[{"embeddable":true,"href":"https:\/\/eldiariodesanpedro.com.ar\/sitio\/wp-json\/wp\/v2\/media\/40309"}],"wp:attachment":[{"href":"https:\/\/eldiariodesanpedro.com.ar\/sitio\/wp-json\/wp\/v2\/media?parent=40307"}],"wp:term":[{"taxonomy":"category","embeddable":true,"href":"https:\/\/eldiariodesanpedro.com.ar\/sitio\/wp-json\/wp\/v2\/categories?post=40307"},{"taxonomy":"post_tag","embeddable":true,"href":"https:\/\/eldiariodesanpedro.com.ar\/sitio\/wp-json\/wp\/v2\/tags?post=40307"}],"curies":[{"name":"wp","href":"https:\/\/api.w.org\/{rel}","templated":true}]}}