{"id":40300,"date":"2018-09-16T20:39:21","date_gmt":"2018-09-16T23:39:21","guid":{"rendered":"https:\/\/eldiariodesanpedro.com.ar\/sitio\/?p=40300"},"modified":"2018-09-16T20:39:21","modified_gmt":"2018-09-16T23:39:21","slug":"una-mujer-embrazada-sufrio-un-accidente-en-motocicleta","status":"publish","type":"post","link":"https:\/\/eldiariodesanpedro.com.ar\/sitio\/una-mujer-embrazada-sufrio-un-accidente-en-motocicleta\/","title":{"rendered":"Una mujer embrazada sufri\u00f3 un accidente en motocicleta"},"content":{"rendered":"<p><!-- VideographyWP Plugin Message: Automatic video embedding prevented by plugin options. --><br \/>\nUn accidente de tr\u00e1nsito se produjo el viernes pasado el mediod\u00eda. En esta oportunidad en calle Pav\u00f3n y Avenida Sarmiento. <\/p>\n<p>  En ese lugar, impactaron un autom\u00f3vil Renault Logan gris que era conducido por un hombre de 54 a\u00f1os y una moto Honda XR 125 CC, en la que se dirig\u00edan un joven de 35 a\u00f1os y su pareja de 34, quien se encuentra cursando las 29 semanas de gestaci\u00f3n.<br \/>\n  Fueron trasladados al nosocomio local, donde el m\u00e9dico dictamin\u00f3 que tanto la mam\u00e1 como su hijo por nacer no hab\u00edan sufrido lesiones. El conductor present\u00f3 lesiones de car\u00e1cter leve.<\/p>\n","protected":false},"excerpt":{"rendered":"<p>Un accidente de tr\u00e1nsito se produjo el viernes pasado el mediod\u00eda. En esta oportunidad en calle Pav\u00f3n y Avenida Sarmiento. En ese lugar, impactaron un autom\u00f3vil Renault Logan gris que era conducido por un hombre de 54 a\u00f1os y una moto Honda XR 125 CC, en la que se dirig\u00edan un joven de 35 a\u00f1os [&hellip;]<\/p>\n","protected":false},"author":4,"featured_media":40301,"comment_status":"open","ping_status":"closed","sticky":false,"template":"","format":"standard","meta":{"om_disable_all_campaigns":false,"_jetpack_memberships_contains_paid_content":false,"footnotes":""},"categories":[2,103],"tags":[],"class_list":["post-40300","post","type-post","status-publish","format-standard","has-post-thumbnail","hentry","category-locales","category-policiales-locales"],"aioseo_notices":[],"gutentor_comment":0,"jetpack_featured_media_url":"https:\/\/eldiariodesanpedro.com.ar\/sitio\/wp-content\/uploads\/2018\/09\/Una-mujer-embrazada-sufri\u00f3-un-accidente-en-motocicleta.jpeg","jetpack_shortlink":"https:\/\/wp.me\/p6RhLt-au0","jetpack_sharing_enabled":true,"_links":{"self":[{"href":"https:\/\/eldiariodesanpedro.com.ar\/sitio\/wp-json\/wp\/v2\/posts\/40300","targetHints":{"allow":["GET"]}}],"collection":[{"href":"https:\/\/eldiariodesanpedro.com.ar\/sitio\/wp-json\/wp\/v2\/posts"}],"about":[{"href":"https:\/\/eldiariodesanpedro.com.ar\/sitio\/wp-json\/wp\/v2\/types\/post"}],"author":[{"embeddable":true,"href":"https:\/\/eldiariodesanpedro.com.ar\/sitio\/wp-json\/wp\/v2\/users\/4"}],"replies":[{"embeddable":true,"href":"https:\/\/eldiariodesanpedro.com.ar\/sitio\/wp-json\/wp\/v2\/comments?post=40300"}],"version-history":[{"count":1,"href":"https:\/\/eldiariodesanpedro.com.ar\/sitio\/wp-json\/wp\/v2\/posts\/40300\/revisions"}],"predecessor-version":[{"id":40302,"href":"https:\/\/eldiariodesanpedro.com.ar\/sitio\/wp-json\/wp\/v2\/posts\/40300\/revisions\/40302"}],"wp:featuredmedia":[{"embeddable":true,"href":"https:\/\/eldiariodesanpedro.com.ar\/sitio\/wp-json\/wp\/v2\/media\/40301"}],"wp:attachment":[{"href":"https:\/\/eldiariodesanpedro.com.ar\/sitio\/wp-json\/wp\/v2\/media?parent=40300"}],"wp:term":[{"taxonomy":"category","embeddable":true,"href":"https:\/\/eldiariodesanpedro.com.ar\/sitio\/wp-json\/wp\/v2\/categories?post=40300"},{"taxonomy":"post_tag","embeddable":true,"href":"https:\/\/eldiariodesanpedro.com.ar\/sitio\/wp-json\/wp\/v2\/tags?post=40300"}],"curies":[{"name":"wp","href":"https:\/\/api.w.org\/{rel}","templated":true}]}}