{"id":40299,"date":"2018-09-16T20:39:18","date_gmt":"2018-09-16T23:39:18","guid":{"rendered":"https:\/\/eldiariodesanpedro.com.ar\/sitio\/?p=40299"},"modified":"2018-09-16T20:39:19","modified_gmt":"2018-09-16T23:39:19","slug":"en-la-ruta-9-se-secuestro-un-automovil-con-vtv-apocrifa","status":"publish","type":"post","link":"https:\/\/eldiariodesanpedro.com.ar\/sitio\/en-la-ruta-9-se-secuestro-un-automovil-con-vtv-apocrifa\/","title":{"rendered":"En la Ruta 9 se secuestr\u00f3 un autom\u00f3vil con VTV ap\u00f3crifa"},"content":{"rendered":"<p><!-- VideographyWP Plugin Message: Automatic video embedding prevented by plugin options. --><br \/>\nPersonal del Destacamento de R\u00edo Tala procedi\u00f3 este s\u00e1bado al secuestro, en Ruta N\u00b0 1001 y Ruta 9, de un autom\u00f3vil que ten\u00eda la oblea de la VTV ap\u00f3crifa de \u201cfiguraci\u00f3n colocado en autom\u00f3vil marca Chevrolet, modelo Corsa\u201d, conducido por un hombre de 40 a\u00f1os.<br \/>\n  Intervino la Fiscal\u00eda local, se cumplieron los recaudos legales para con el conductor.     <\/p>\n","protected":false},"excerpt":{"rendered":"<p>Personal del Destacamento de R\u00edo Tala procedi\u00f3 este s\u00e1bado al secuestro, en Ruta N\u00b0 1001 y Ruta 9, de un autom\u00f3vil que ten\u00eda la oblea de la VTV ap\u00f3crifa de \u201cfiguraci\u00f3n colocado en autom\u00f3vil marca Chevrolet, modelo Corsa\u201d, conducido por un hombre de 40 a\u00f1os. Intervino la Fiscal\u00eda local, se cumplieron los recaudos legales para [&hellip;]<\/p>\n","protected":false},"author":4,"featured_media":21022,"comment_status":"open","ping_status":"closed","sticky":false,"template":"","format":"standard","meta":{"om_disable_all_campaigns":false,"_jetpack_memberships_contains_paid_content":false,"footnotes":""},"categories":[2,103],"tags":[],"class_list":["post-40299","post","type-post","status-publish","format-standard","has-post-thumbnail","hentry","category-locales","category-policiales-locales"],"aioseo_notices":[],"gutentor_comment":0,"jetpack_featured_media_url":"https:\/\/eldiariodesanpedro.com.ar\/sitio\/wp-content\/uploads\/2017\/07\/ruta-9-rosario-buenos-aires.jpg","jetpack_shortlink":"https:\/\/wp.me\/p6RhLt-atZ","jetpack_sharing_enabled":true,"_links":{"self":[{"href":"https:\/\/eldiariodesanpedro.com.ar\/sitio\/wp-json\/wp\/v2\/posts\/40299","targetHints":{"allow":["GET"]}}],"collection":[{"href":"https:\/\/eldiariodesanpedro.com.ar\/sitio\/wp-json\/wp\/v2\/posts"}],"about":[{"href":"https:\/\/eldiariodesanpedro.com.ar\/sitio\/wp-json\/wp\/v2\/types\/post"}],"author":[{"embeddable":true,"href":"https:\/\/eldiariodesanpedro.com.ar\/sitio\/wp-json\/wp\/v2\/users\/4"}],"replies":[{"embeddable":true,"href":"https:\/\/eldiariodesanpedro.com.ar\/sitio\/wp-json\/wp\/v2\/comments?post=40299"}],"version-history":[{"count":2,"href":"https:\/\/eldiariodesanpedro.com.ar\/sitio\/wp-json\/wp\/v2\/posts\/40299\/revisions"}],"predecessor-version":[{"id":40304,"href":"https:\/\/eldiariodesanpedro.com.ar\/sitio\/wp-json\/wp\/v2\/posts\/40299\/revisions\/40304"}],"wp:featuredmedia":[{"embeddable":true,"href":"https:\/\/eldiariodesanpedro.com.ar\/sitio\/wp-json\/wp\/v2\/media\/21022"}],"wp:attachment":[{"href":"https:\/\/eldiariodesanpedro.com.ar\/sitio\/wp-json\/wp\/v2\/media?parent=40299"}],"wp:term":[{"taxonomy":"category","embeddable":true,"href":"https:\/\/eldiariodesanpedro.com.ar\/sitio\/wp-json\/wp\/v2\/categories?post=40299"},{"taxonomy":"post_tag","embeddable":true,"href":"https:\/\/eldiariodesanpedro.com.ar\/sitio\/wp-json\/wp\/v2\/tags?post=40299"}],"curies":[{"name":"wp","href":"https:\/\/api.w.org\/{rel}","templated":true}]}}