{"id":40296,"date":"2018-09-16T20:36:33","date_gmt":"2018-09-16T23:36:33","guid":{"rendered":"https:\/\/eldiariodesanpedro.com.ar\/sitio\/?p=40296"},"modified":"2018-09-16T20:36:33","modified_gmt":"2018-09-16T23:36:33","slug":"roban-una-motocicleta-en-la-puerta-de-un-supermercado","status":"publish","type":"post","link":"https:\/\/eldiariodesanpedro.com.ar\/sitio\/roban-una-motocicleta-en-la-puerta-de-un-supermercado\/","title":{"rendered":"Roban una motocicleta en la puerta de un supermercado"},"content":{"rendered":"<p><!-- VideographyWP Plugin Message: Automatic video embedding prevented by plugin options. --><br \/>\nEste s\u00e1bado alrededor de las 21:00 hs una mujer mayor de edad denunci\u00f3 en la Comisar\u00eda local que habiendo dejado su moto HONDA BIZ estacionada fuera de un supermercado y habiendo ingresado al local comercial, ubicado en la intersecci\u00f3n de calles San Mart\u00edn y R\u00f3mulo Naon; fue sustra\u00edda.<br \/>\n  En esta semana, ser\u00eda la segunda motocicleta robada en el mismo lugar.<\/p>\n","protected":false},"excerpt":{"rendered":"<p>Este s\u00e1bado alrededor de las 21:00 hs una mujer mayor de edad denunci\u00f3 en la Comisar\u00eda local que habiendo dejado su moto HONDA BIZ estacionada fuera de un supermercado y habiendo ingresado al local comercial, ubicado en la intersecci\u00f3n de calles San Mart\u00edn y R\u00f3mulo Naon; fue sustra\u00edda. En esta semana, ser\u00eda la segunda motocicleta [&hellip;]<\/p>\n","protected":false},"author":4,"featured_media":24590,"comment_status":"open","ping_status":"closed","sticky":false,"template":"","format":"standard","meta":{"om_disable_all_campaigns":false,"_jetpack_memberships_contains_paid_content":false,"footnotes":""},"categories":[2,103],"tags":[],"class_list":["post-40296","post","type-post","status-publish","format-standard","has-post-thumbnail","hentry","category-locales","category-policiales-locales"],"aioseo_notices":[],"gutentor_comment":0,"jetpack_featured_media_url":"https:\/\/eldiariodesanpedro.com.ar\/sitio\/wp-content\/uploads\/2017\/10\/camioneta-policia-noche.jpg","jetpack_shortlink":"https:\/\/wp.me\/p6RhLt-atW","jetpack_sharing_enabled":true,"_links":{"self":[{"href":"https:\/\/eldiariodesanpedro.com.ar\/sitio\/wp-json\/wp\/v2\/posts\/40296","targetHints":{"allow":["GET"]}}],"collection":[{"href":"https:\/\/eldiariodesanpedro.com.ar\/sitio\/wp-json\/wp\/v2\/posts"}],"about":[{"href":"https:\/\/eldiariodesanpedro.com.ar\/sitio\/wp-json\/wp\/v2\/types\/post"}],"author":[{"embeddable":true,"href":"https:\/\/eldiariodesanpedro.com.ar\/sitio\/wp-json\/wp\/v2\/users\/4"}],"replies":[{"embeddable":true,"href":"https:\/\/eldiariodesanpedro.com.ar\/sitio\/wp-json\/wp\/v2\/comments?post=40296"}],"version-history":[{"count":1,"href":"https:\/\/eldiariodesanpedro.com.ar\/sitio\/wp-json\/wp\/v2\/posts\/40296\/revisions"}],"predecessor-version":[{"id":40298,"href":"https:\/\/eldiariodesanpedro.com.ar\/sitio\/wp-json\/wp\/v2\/posts\/40296\/revisions\/40298"}],"wp:featuredmedia":[{"embeddable":true,"href":"https:\/\/eldiariodesanpedro.com.ar\/sitio\/wp-json\/wp\/v2\/media\/24590"}],"wp:attachment":[{"href":"https:\/\/eldiariodesanpedro.com.ar\/sitio\/wp-json\/wp\/v2\/media?parent=40296"}],"wp:term":[{"taxonomy":"category","embeddable":true,"href":"https:\/\/eldiariodesanpedro.com.ar\/sitio\/wp-json\/wp\/v2\/categories?post=40296"},{"taxonomy":"post_tag","embeddable":true,"href":"https:\/\/eldiariodesanpedro.com.ar\/sitio\/wp-json\/wp\/v2\/tags?post=40296"}],"curies":[{"name":"wp","href":"https:\/\/api.w.org\/{rel}","templated":true}]}}