{"id":40293,"date":"2018-09-16T20:36:09","date_gmt":"2018-09-16T23:36:09","guid":{"rendered":"https:\/\/eldiariodesanpedro.com.ar\/sitio\/?p=40293"},"modified":"2018-09-16T20:36:09","modified_gmt":"2018-09-16T23:36:09","slug":"un-aprehendido-por-pedido-paradero-activo","status":"publish","type":"post","link":"https:\/\/eldiariodesanpedro.com.ar\/sitio\/un-aprehendido-por-pedido-paradero-activo\/","title":{"rendered":"Un aprehendido por pedido paradero activo"},"content":{"rendered":"<p><!-- VideographyWP Plugin Message: Automatic video embedding prevented by plugin options. --><br \/>\n  En el marco de los continuos operativos que realiza el personal policial del Destacamento Gobernador Castro, juntamente con personal de la Comisar\u00eda y Polic\u00eda Local, este s\u00e1bado en horas de la tarde, en la intersecci\u00f3n de la calle Lucio Mansilla y Camino Guzzo, procedieron a la aprehensi\u00f3n de un hombre de 46 a\u00f1os que se movilizaba a bordo de un autom\u00f3vil Renault 9 de blanco.<br \/>\n  El sujeto registraba un pedido de paradero activo por una causa judicial desde el a\u00f1o 2005, por \u201cRobo\u201d, a requerimiento de la Fiscal\u00eda N\u00ba 2 de San Nicol\u00e1s y, otro pedido de paradero activo por una causa judicial por usurpaci\u00f3n del a\u00f1o 2016, a requerimiento de la Fiscal\u00eda local. Se cumplieron recaudos legales.<\/p>\n","protected":false},"excerpt":{"rendered":"<p>En el marco de los continuos operativos que realiza el personal policial del Destacamento Gobernador Castro, juntamente con personal de la Comisar\u00eda y Polic\u00eda Local, este s\u00e1bado en horas de la tarde, en la intersecci\u00f3n de la calle Lucio Mansilla y Camino Guzzo, procedieron a la aprehensi\u00f3n de un hombre de 46 a\u00f1os que se [&hellip;]<\/p>\n","protected":false},"author":4,"featured_media":28826,"comment_status":"open","ping_status":"closed","sticky":false,"template":"","format":"standard","meta":{"om_disable_all_campaigns":false,"_jetpack_memberships_contains_paid_content":false,"footnotes":""},"categories":[2,103],"tags":[],"class_list":["post-40293","post","type-post","status-publish","format-standard","has-post-thumbnail","hentry","category-locales","category-policiales-locales"],"aioseo_notices":[],"gutentor_comment":0,"jetpack_featured_media_url":"https:\/\/eldiariodesanpedro.com.ar\/sitio\/wp-content\/uploads\/2018\/02\/detenido-4.jpg","jetpack_shortlink":"https:\/\/wp.me\/p6RhLt-atT","jetpack_sharing_enabled":true,"_links":{"self":[{"href":"https:\/\/eldiariodesanpedro.com.ar\/sitio\/wp-json\/wp\/v2\/posts\/40293","targetHints":{"allow":["GET"]}}],"collection":[{"href":"https:\/\/eldiariodesanpedro.com.ar\/sitio\/wp-json\/wp\/v2\/posts"}],"about":[{"href":"https:\/\/eldiariodesanpedro.com.ar\/sitio\/wp-json\/wp\/v2\/types\/post"}],"author":[{"embeddable":true,"href":"https:\/\/eldiariodesanpedro.com.ar\/sitio\/wp-json\/wp\/v2\/users\/4"}],"replies":[{"embeddable":true,"href":"https:\/\/eldiariodesanpedro.com.ar\/sitio\/wp-json\/wp\/v2\/comments?post=40293"}],"version-history":[{"count":1,"href":"https:\/\/eldiariodesanpedro.com.ar\/sitio\/wp-json\/wp\/v2\/posts\/40293\/revisions"}],"predecessor-version":[{"id":40297,"href":"https:\/\/eldiariodesanpedro.com.ar\/sitio\/wp-json\/wp\/v2\/posts\/40293\/revisions\/40297"}],"wp:featuredmedia":[{"embeddable":true,"href":"https:\/\/eldiariodesanpedro.com.ar\/sitio\/wp-json\/wp\/v2\/media\/28826"}],"wp:attachment":[{"href":"https:\/\/eldiariodesanpedro.com.ar\/sitio\/wp-json\/wp\/v2\/media?parent=40293"}],"wp:term":[{"taxonomy":"category","embeddable":true,"href":"https:\/\/eldiariodesanpedro.com.ar\/sitio\/wp-json\/wp\/v2\/categories?post=40293"},{"taxonomy":"post_tag","embeddable":true,"href":"https:\/\/eldiariodesanpedro.com.ar\/sitio\/wp-json\/wp\/v2\/tags?post=40293"}],"curies":[{"name":"wp","href":"https:\/\/api.w.org\/{rel}","templated":true}]}}