{"id":40291,"date":"2018-09-16T20:30:48","date_gmt":"2018-09-16T23:30:48","guid":{"rendered":"https:\/\/eldiariodesanpedro.com.ar\/sitio\/?p=40291"},"modified":"2018-09-16T20:30:48","modified_gmt":"2018-09-16T23:30:48","slug":"se-secuestro-una-moto-robada-en-lomas-de-zamora","status":"publish","type":"post","link":"https:\/\/eldiariodesanpedro.com.ar\/sitio\/se-secuestro-una-moto-robada-en-lomas-de-zamora\/","title":{"rendered":"Se secuestr\u00f3 una moto robada en Lomas de Zamora"},"content":{"rendered":"<p><!-- VideographyWP Plugin Message: Automatic video embedding prevented by plugin options. --><br \/>\n  Este s\u00e1bado alrededor de las 09:40 hs en el marco de distintos operativos que realizaba el personal de la Comisar\u00eda Local en calle Molina y Sargento Cabral, se procedi\u00f3 a la aprehensi\u00f3n de ciudadano de 47 a\u00f1os, quien circulaba a bordo de una motocicleta Corven Triax 200, la cual registraba un pedido activo por el delito de ROBO, solicitado por departamento Judicial Lomas de Zamora.<br \/>\n  Intervino la Fiscal\u00eda en turno de San Pedro y, habi\u00e9ndose cumplimentado los recaudos para con el aprehendido, fue sometido al proceso penal.<\/p>\n","protected":false},"excerpt":{"rendered":"<p>Este s\u00e1bado alrededor de las 09:40 hs en el marco de distintos operativos que realizaba el personal de la Comisar\u00eda Local en calle Molina y Sargento Cabral, se procedi\u00f3 a la aprehensi\u00f3n de ciudadano de 47 a\u00f1os, quien circulaba a bordo de una motocicleta Corven Triax 200, la cual registraba un pedido activo por el [&hellip;]<\/p>\n","protected":false},"author":4,"featured_media":19654,"comment_status":"open","ping_status":"closed","sticky":false,"template":"","format":"standard","meta":{"om_disable_all_campaigns":false,"_jetpack_memberships_contains_paid_content":false,"footnotes":""},"categories":[2,103],"tags":[],"class_list":["post-40291","post","type-post","status-publish","format-standard","has-post-thumbnail","hentry","category-locales","category-policiales-locales"],"aioseo_notices":[],"gutentor_comment":0,"jetpack_featured_media_url":"https:\/\/eldiariodesanpedro.com.ar\/sitio\/wp-content\/uploads\/2017\/06\/moto-e1497271939906.jpg","jetpack_shortlink":"https:\/\/wp.me\/p6RhLt-atR","jetpack_sharing_enabled":true,"_links":{"self":[{"href":"https:\/\/eldiariodesanpedro.com.ar\/sitio\/wp-json\/wp\/v2\/posts\/40291","targetHints":{"allow":["GET"]}}],"collection":[{"href":"https:\/\/eldiariodesanpedro.com.ar\/sitio\/wp-json\/wp\/v2\/posts"}],"about":[{"href":"https:\/\/eldiariodesanpedro.com.ar\/sitio\/wp-json\/wp\/v2\/types\/post"}],"author":[{"embeddable":true,"href":"https:\/\/eldiariodesanpedro.com.ar\/sitio\/wp-json\/wp\/v2\/users\/4"}],"replies":[{"embeddable":true,"href":"https:\/\/eldiariodesanpedro.com.ar\/sitio\/wp-json\/wp\/v2\/comments?post=40291"}],"version-history":[{"count":2,"href":"https:\/\/eldiariodesanpedro.com.ar\/sitio\/wp-json\/wp\/v2\/posts\/40291\/revisions"}],"predecessor-version":[{"id":40295,"href":"https:\/\/eldiariodesanpedro.com.ar\/sitio\/wp-json\/wp\/v2\/posts\/40291\/revisions\/40295"}],"wp:featuredmedia":[{"embeddable":true,"href":"https:\/\/eldiariodesanpedro.com.ar\/sitio\/wp-json\/wp\/v2\/media\/19654"}],"wp:attachment":[{"href":"https:\/\/eldiariodesanpedro.com.ar\/sitio\/wp-json\/wp\/v2\/media?parent=40291"}],"wp:term":[{"taxonomy":"category","embeddable":true,"href":"https:\/\/eldiariodesanpedro.com.ar\/sitio\/wp-json\/wp\/v2\/categories?post=40291"},{"taxonomy":"post_tag","embeddable":true,"href":"https:\/\/eldiariodesanpedro.com.ar\/sitio\/wp-json\/wp\/v2\/tags?post=40291"}],"curies":[{"name":"wp","href":"https:\/\/api.w.org\/{rel}","templated":true}]}}