{"id":40290,"date":"2018-09-16T20:28:11","date_gmt":"2018-09-16T23:28:11","guid":{"rendered":"https:\/\/eldiariodesanpedro.com.ar\/sitio\/?p=40290"},"modified":"2018-09-16T20:28:11","modified_gmt":"2018-09-16T23:28:11","slug":"secuestro-de-una-motocicleta-robada-en-baradero","status":"publish","type":"post","link":"https:\/\/eldiariodesanpedro.com.ar\/sitio\/secuestro-de-una-motocicleta-robada-en-baradero\/","title":{"rendered":"Secuestro de una motocicleta robada en Baradero"},"content":{"rendered":"<p><!-- VideographyWP Plugin Message: Automatic video embedding prevented by plugin options. --><br \/>\n  Este s\u00e1bado por la tarde, pasadas las 15:30 hs, en Av. 11 de Septiembre y calle General Pueyrred\u00f3n, personal policial de la Comisar\u00eda procedi\u00f3 a la aprehensi\u00f3n de una mujer de 23 a\u00f1os, quien circulaba a bordo de motocicleta Honda Biz 110 cc, la cual registraba un pedido activo de secuestro por el delito de Hurto a\u00f1o 2011, solicitado por la Fiscal\u00eda de Baradero.<br \/>\n  Intervino la Fiscal\u00eda en turno de San Pedro y, habi\u00e9ndose cumplimentado los recaudos para la aprehendida, fue sometida a proceso penal.<\/p>\n","protected":false},"excerpt":{"rendered":"<p>Este s\u00e1bado por la tarde, pasadas las 15:30 hs, en Av. 11 de Septiembre y calle General Pueyrred\u00f3n, personal policial de la Comisar\u00eda procedi\u00f3 a la aprehensi\u00f3n de una mujer de 23 a\u00f1os, quien circulaba a bordo de motocicleta Honda Biz 110 cc, la cual registraba un pedido activo de secuestro por el delito de [&hellip;]<\/p>\n","protected":false},"author":4,"featured_media":11797,"comment_status":"open","ping_status":"closed","sticky":false,"template":"","format":"standard","meta":{"om_disable_all_campaigns":false,"_jetpack_memberships_contains_paid_content":false,"footnotes":""},"categories":[2,103],"tags":[],"class_list":["post-40290","post","type-post","status-publish","format-standard","has-post-thumbnail","hentry","category-locales","category-policiales-locales"],"aioseo_notices":[],"gutentor_comment":0,"jetpack_featured_media_url":"https:\/\/eldiariodesanpedro.com.ar\/sitio\/wp-content\/uploads\/2016\/12\/moto-secuestrada.jpg","jetpack_shortlink":"https:\/\/wp.me\/p6RhLt-atQ","jetpack_sharing_enabled":true,"_links":{"self":[{"href":"https:\/\/eldiariodesanpedro.com.ar\/sitio\/wp-json\/wp\/v2\/posts\/40290","targetHints":{"allow":["GET"]}}],"collection":[{"href":"https:\/\/eldiariodesanpedro.com.ar\/sitio\/wp-json\/wp\/v2\/posts"}],"about":[{"href":"https:\/\/eldiariodesanpedro.com.ar\/sitio\/wp-json\/wp\/v2\/types\/post"}],"author":[{"embeddable":true,"href":"https:\/\/eldiariodesanpedro.com.ar\/sitio\/wp-json\/wp\/v2\/users\/4"}],"replies":[{"embeddable":true,"href":"https:\/\/eldiariodesanpedro.com.ar\/sitio\/wp-json\/wp\/v2\/comments?post=40290"}],"version-history":[{"count":1,"href":"https:\/\/eldiariodesanpedro.com.ar\/sitio\/wp-json\/wp\/v2\/posts\/40290\/revisions"}],"predecessor-version":[{"id":40292,"href":"https:\/\/eldiariodesanpedro.com.ar\/sitio\/wp-json\/wp\/v2\/posts\/40290\/revisions\/40292"}],"wp:featuredmedia":[{"embeddable":true,"href":"https:\/\/eldiariodesanpedro.com.ar\/sitio\/wp-json\/wp\/v2\/media\/11797"}],"wp:attachment":[{"href":"https:\/\/eldiariodesanpedro.com.ar\/sitio\/wp-json\/wp\/v2\/media?parent=40290"}],"wp:term":[{"taxonomy":"category","embeddable":true,"href":"https:\/\/eldiariodesanpedro.com.ar\/sitio\/wp-json\/wp\/v2\/categories?post=40290"},{"taxonomy":"post_tag","embeddable":true,"href":"https:\/\/eldiariodesanpedro.com.ar\/sitio\/wp-json\/wp\/v2\/tags?post=40290"}],"curies":[{"name":"wp","href":"https:\/\/api.w.org\/{rel}","templated":true}]}}