{"id":40285,"date":"2018-09-16T20:18:45","date_gmt":"2018-09-16T23:18:45","guid":{"rendered":"https:\/\/eldiariodesanpedro.com.ar\/sitio\/?p=40285"},"modified":"2018-09-16T20:18:45","modified_gmt":"2018-09-16T23:18:45","slug":"coplac-continua-cerrada-el-intendente-dialogo-con-los-trabajadores","status":"publish","type":"post","link":"https:\/\/eldiariodesanpedro.com.ar\/sitio\/coplac-continua-cerrada-el-intendente-dialogo-con-los-trabajadores\/","title":{"rendered":"Coplac contin\u00faa cerrada; el Intendente dialog\u00f3 con los trabajadores"},"content":{"rendered":"<p><!-- VideographyWP Plugin Message: Automatic video embedding prevented by plugin options. --><br \/>\nLa planta de Coplac tendr\u00eda que haber abierto sus puertas, \u201cla gente de vigilancia no quiso recibir la comunicaci\u00f3n, pero se hizo un acta con testigo, as\u00ed que la empresa est\u00e1 bien notificada\u201d expres\u00f3 a este medio Fernando Esp\u00edndola uno de los representantes de la CGT Regional San Pedro \u2013 Baradero.<\/p>\n<p>  Durante el turno de las 6.00 de la ma\u00f1ana, el grupo al que le tocaba trabajar se present\u00f3 para ello, puesto que el sindicato decidi\u00f3 acatar la conciliaci\u00f3n obligatoria. Como el Ministerio no logra notificar a la empresa, ya que sus jefes que se encuentran fuera del pa\u00eds y tampoco consigue comunicarse con el representante legal de la empresa que se encuentra en C\u00f3rdoba, decidieron entregar y notificar a la gente de seguridad, quienes no quisieron aceptar la nota porque, seg\u00fan ellos, no estaban autorizados para recibir ning\u00fan tipo de notificaci\u00f3n del Ministerio de Trabajo y prohibieron la entrada a los trabajadores.<br \/>\n  \u201cHoy vinimos a trabajar y seguimos con el port\u00f3n cerrado, sabemos que se firm\u00f3 una conciliaci\u00f3n obligatoria y ac\u00e1 estamos a la espera; estamos todos sin trabajo\u201d contaba uno de los empleados que desde el primer d\u00eda sigue firme en las puertas esperando una buena noticia por parte de la empresa.<br \/>\n  La conciliaci\u00f3n obligatoria implica continuar el debate respecto de los puntos en desacuerdo, en este caso, incumplimiento del acuerdo paritario nacional, reducci\u00f3n en las bonificaciones por antig\u00fcedad y problemas de seguridad e higiene, pero con la f\u00e1brica en marcha y la gente trabajando.<\/p>\n<p>  Recordemos que desde el domingo 9 del corriente mes, se estableci\u00f3 un piquete en la puerta por los trabajadores por falta de pagos adeudados, donde se dio un largo comienzo con este reclamo. El viernes los due\u00f1os decidieron cerrar la planta y, luego de que la empresa enviara cartas documento a los trabajadores para informarles su despido \u201ccon justa causa\u201d y, que la planta cerraba a ra\u00edz de los reclamos sindicales.<br \/>\n  Mas de 60 familias son las que hoy siguen con la medida de fuerza en las puertas de Coplac, con el acompa\u00f1amiento de la CGT y la CTA.<br \/>\n  Este viernes por la noche se llev\u00f3 a cabo, adem\u00e1s, el plenario organizado por ambas entidades que nuclean a los gremios de la ciudad y la zona, con el objetivo de unir esfuerzos \u201cFrente a la crisis socioecon\u00f3mica\u201d.<br \/>\n  Esta ma\u00f1ana Fernando Esp\u00edndola agregaba al relato \u201cVamos a seguir hasta el lunes con la medida de fuerza y despu\u00e9s veremos c\u00f3mo seguimos; el Gobierno local no se acerc\u00f3 a solidarizarse con los compa\u00f1eros, ni el Jefe Comunal, ni sus concejales, es la conducci\u00f3n pol\u00edtica que tenemos en San Pedro y los de la oposici\u00f3n tampoco, s\u00f3lo vinieron para la foto, no deben vivir en San Pedro\u201d.<br \/>\n  Desde el gabinete confirmaron al Diario de San Pedro que est\u00e1n dispuestos a recibir a los trabajadores en el Palacio Municipal.<\/p>\n<p>El Intendente con los trabajadores<br \/>\nEl Intendente Municipal particip\u00f3 de una asamblea junto a los trabajadores despedidos de la empresa Coplac. Se solidariz\u00f3 con ellos y se comprometi\u00f3 a dialogar con el propietario de la f\u00e1brica.<\/p>\n<p>  Sobre la tarde del s\u00e1bado estuvo presente junto a los trabajadores el Intendente municipal Cecilio Salazar, quien adem\u00e1s de solidarizarse, asumi\u00f3 el compromiso de entrevistarse con el empresario brasilero y buscarle una soluci\u00f3n al conflicto.<br \/>\n  Lo hizo acompa\u00f1ado del Secretario de Gobierno Silvio Corti, el de Obras P\u00fablicas Ariel \u00c1lvarez, el subsecretario de Desarrollo Econ\u00f3mico Alfredo Camilletti, los concejales Iv\u00e1n Paz y Mat\u00edas Franco.<br \/>\n  \u201cS\u00e9 que la situaci\u00f3n de ustedes es dif\u00edcil, es complicada, no debe haber nada peor que perder la fuente de laburo\u201d, dijo el jefe comunal.<br \/>\n  \u201cLe ped\u00ed a los trabajadores que me dejen de ahora en m\u00e1s participar de las reuniones y poder dar en esa situaci\u00f3n mi voto\u201d, destac\u00f3.<br \/>\n  \u201cYo lo que le voy a garantizar a la empresa que los trabajadores no son conflictivos, lo que est\u00e1n queriendo es recuperar las fuentes de trabajo y tener los derechos que le corresponden\u201d.<br \/>\n  \u201cYo le digo a Vanderlei y que el lunes voy a tratar de comunicarme con \u00e9l, le pido que me atienda. Le pido a trav\u00e9s de los medios que se comunique\u201d, reclam\u00f3 el funcionario. \u201cQue sepa que ac\u00e1 tiene buena gente, que trabaja y que solo quiere hacer eso\u201d.<br \/>\n  \u201cQue venga, que el Intendente le promete y todos los trabajadores que va a poder producir tranquilo\u201d.<br \/>\n  Tambi\u00e9n se refiri\u00f3 a la participaci\u00f3n de algunos sectores pol\u00edticos: \u201cYo les pido a todos los pol\u00edticos que quieren ahora sacar provecho y llevar un poquito de agua para sus molinos, que entiendan que hay gente que est\u00e1 pas\u00e1ndola mal. Tenemos que tratar de unificar criterios, todos para tratar de ayudar a los compa\u00f1eros y no, de sacar alg\u00fan tipo de ventaja pol\u00edtica\u201d.<\/p>\n","protected":false},"excerpt":{"rendered":"<p>La planta de Coplac tendr\u00eda que haber abierto sus puertas, \u201cla gente de vigilancia no quiso recibir la comunicaci\u00f3n, pero se hizo un acta con testigo, as\u00ed que la empresa est\u00e1 bien notificada\u201d expres\u00f3 a este medio Fernando Esp\u00edndola uno de los representantes de la CGT Regional San Pedro \u2013 Baradero. Durante el turno de [&hellip;]<\/p>\n","protected":false},"author":4,"featured_media":40287,"comment_status":"open","ping_status":"closed","sticky":false,"template":"","format":"standard","meta":{"om_disable_all_campaigns":false,"_jetpack_memberships_contains_paid_content":false,"footnotes":""},"categories":[2,102],"tags":[],"class_list":["post-40285","post","type-post","status-publish","format-standard","has-post-thumbnail","hentry","category-locales","category-politica-locales"],"aioseo_notices":[],"gutentor_comment":0,"jetpack_featured_media_url":"https:\/\/eldiariodesanpedro.com.ar\/sitio\/wp-content\/uploads\/2018\/09\/salazar-coplac.jpg","jetpack_shortlink":"https:\/\/wp.me\/p6RhLt-atL","jetpack_sharing_enabled":true,"_links":{"self":[{"href":"https:\/\/eldiariodesanpedro.com.ar\/sitio\/wp-json\/wp\/v2\/posts\/40285","targetHints":{"allow":["GET"]}}],"collection":[{"href":"https:\/\/eldiariodesanpedro.com.ar\/sitio\/wp-json\/wp\/v2\/posts"}],"about":[{"href":"https:\/\/eldiariodesanpedro.com.ar\/sitio\/wp-json\/wp\/v2\/types\/post"}],"author":[{"embeddable":true,"href":"https:\/\/eldiariodesanpedro.com.ar\/sitio\/wp-json\/wp\/v2\/users\/4"}],"replies":[{"embeddable":true,"href":"https:\/\/eldiariodesanpedro.com.ar\/sitio\/wp-json\/wp\/v2\/comments?post=40285"}],"version-history":[{"count":1,"href":"https:\/\/eldiariodesanpedro.com.ar\/sitio\/wp-json\/wp\/v2\/posts\/40285\/revisions"}],"predecessor-version":[{"id":40289,"href":"https:\/\/eldiariodesanpedro.com.ar\/sitio\/wp-json\/wp\/v2\/posts\/40285\/revisions\/40289"}],"wp:featuredmedia":[{"embeddable":true,"href":"https:\/\/eldiariodesanpedro.com.ar\/sitio\/wp-json\/wp\/v2\/media\/40287"}],"wp:attachment":[{"href":"https:\/\/eldiariodesanpedro.com.ar\/sitio\/wp-json\/wp\/v2\/media?parent=40285"}],"wp:term":[{"taxonomy":"category","embeddable":true,"href":"https:\/\/eldiariodesanpedro.com.ar\/sitio\/wp-json\/wp\/v2\/categories?post=40285"},{"taxonomy":"post_tag","embeddable":true,"href":"https:\/\/eldiariodesanpedro.com.ar\/sitio\/wp-json\/wp\/v2\/tags?post=40285"}],"curies":[{"name":"wp","href":"https:\/\/api.w.org\/{rel}","templated":true}]}}