{"id":40284,"date":"2018-09-16T20:16:56","date_gmt":"2018-09-16T23:16:56","guid":{"rendered":"https:\/\/eldiariodesanpedro.com.ar\/sitio\/?p=40284"},"modified":"2018-09-16T20:16:56","modified_gmt":"2018-09-16T23:16:56","slug":"se-infraccionaron-mas-de-25-vehiculos-en-controles-nocturnos","status":"publish","type":"post","link":"https:\/\/eldiariodesanpedro.com.ar\/sitio\/se-infraccionaron-mas-de-25-vehiculos-en-controles-nocturnos\/","title":{"rendered":"Se infraccionaron m\u00e1s de 25 veh\u00edculos en controles nocturnos"},"content":{"rendered":"<p><!-- VideographyWP Plugin Message: Automatic video embedding prevented by plugin options. --><br \/>\nDurante la madrugada de este viernes y s\u00e1bado, personal de la Comisar\u00eda, del GAD, Polic\u00eda Local e Inspecci\u00f3n Municipal realizaron distintos operativos de control vehicular luego de la salida de los locales bailables.<br \/>\n  Se infraccionaron m\u00e1s de 25 rodados entre autom\u00f3viles y motos por falta de documentaci\u00f3n y, algunos casos de alcoholemia positiva, quedando los rodados a disposici\u00f3n del Tribunal de Faltas municipal. <\/p>\n","protected":false},"excerpt":{"rendered":"<p>Durante la madrugada de este viernes y s\u00e1bado, personal de la Comisar\u00eda, del GAD, Polic\u00eda Local e Inspecci\u00f3n Municipal realizaron distintos operativos de control vehicular luego de la salida de los locales bailables. Se infraccionaron m\u00e1s de 25 rodados entre autom\u00f3viles y motos por falta de documentaci\u00f3n y, algunos casos de alcoholemia positiva, quedando los [&hellip;]<\/p>\n","protected":false},"author":4,"featured_media":19287,"comment_status":"open","ping_status":"closed","sticky":false,"template":"","format":"standard","meta":{"om_disable_all_campaigns":false,"_jetpack_memberships_contains_paid_content":false,"footnotes":""},"categories":[2,103],"tags":[],"class_list":["post-40284","post","type-post","status-publish","format-standard","has-post-thumbnail","hentry","category-locales","category-policiales-locales"],"aioseo_notices":[],"gutentor_comment":0,"jetpack_featured_media_url":"https:\/\/eldiariodesanpedro.com.ar\/sitio\/wp-content\/uploads\/2017\/06\/patrullero-policia-noche.jpg","jetpack_shortlink":"https:\/\/wp.me\/p6RhLt-atK","jetpack_sharing_enabled":true,"_links":{"self":[{"href":"https:\/\/eldiariodesanpedro.com.ar\/sitio\/wp-json\/wp\/v2\/posts\/40284","targetHints":{"allow":["GET"]}}],"collection":[{"href":"https:\/\/eldiariodesanpedro.com.ar\/sitio\/wp-json\/wp\/v2\/posts"}],"about":[{"href":"https:\/\/eldiariodesanpedro.com.ar\/sitio\/wp-json\/wp\/v2\/types\/post"}],"author":[{"embeddable":true,"href":"https:\/\/eldiariodesanpedro.com.ar\/sitio\/wp-json\/wp\/v2\/users\/4"}],"replies":[{"embeddable":true,"href":"https:\/\/eldiariodesanpedro.com.ar\/sitio\/wp-json\/wp\/v2\/comments?post=40284"}],"version-history":[{"count":2,"href":"https:\/\/eldiariodesanpedro.com.ar\/sitio\/wp-json\/wp\/v2\/posts\/40284\/revisions"}],"predecessor-version":[{"id":40288,"href":"https:\/\/eldiariodesanpedro.com.ar\/sitio\/wp-json\/wp\/v2\/posts\/40284\/revisions\/40288"}],"wp:featuredmedia":[{"embeddable":true,"href":"https:\/\/eldiariodesanpedro.com.ar\/sitio\/wp-json\/wp\/v2\/media\/19287"}],"wp:attachment":[{"href":"https:\/\/eldiariodesanpedro.com.ar\/sitio\/wp-json\/wp\/v2\/media?parent=40284"}],"wp:term":[{"taxonomy":"category","embeddable":true,"href":"https:\/\/eldiariodesanpedro.com.ar\/sitio\/wp-json\/wp\/v2\/categories?post=40284"},{"taxonomy":"post_tag","embeddable":true,"href":"https:\/\/eldiariodesanpedro.com.ar\/sitio\/wp-json\/wp\/v2\/tags?post=40284"}],"curies":[{"name":"wp","href":"https:\/\/api.w.org\/{rel}","templated":true}]}}