{"id":40277,"date":"2018-09-15T10:49:43","date_gmt":"2018-09-15T13:49:43","guid":{"rendered":"https:\/\/eldiariodesanpedro.com.ar\/sitio\/?p=40277"},"modified":"2018-09-15T10:49:43","modified_gmt":"2018-09-15T13:49:43","slug":"baradero-la-unsada-crece","status":"publish","type":"post","link":"https:\/\/eldiariodesanpedro.com.ar\/sitio\/baradero-la-unsada-crece\/","title":{"rendered":"BARADERO: La UNSAdA crece"},"content":{"rendered":"<p><!-- VideographyWP Plugin Message: Automatic video embedding prevented by plugin options. --><br \/>\nSe iniciaron trabajos para la ampliaci\u00f3n del edificio de la universidad<\/p>\n<p>La Universidad de San Antonio de Areco, regional Baradero, comenz\u00f3 a funcionar a\u00f1os atr\u00e1s en la esquina de las calles Gallo y Fray Luis de Bola\u00f1os en terrenos pertenecientes al \u00e1rea de Obras Sanitarias de la Municipalidad de Baradero. Debido al crecimiento de la plantilla, la universidad se ha visto en la necesidad de ampliar sus instalaciones para lo cual se han comenzado a ejecutar las tareas conducentes a la construcci\u00f3n de nuevos edificios para dar cabida al creciente alumnado.<br \/>\nEl sitio que se ha elegido para las nuevas construcciones, es aleda\u00f1o al que ahora ocupa la UNSAdA, en la parte trasera de las oficinas en las que actualmente funcionan las oficinas de la Divisi\u00f3n de Bromatolog\u00eda e Higiene municipal. El movimiento de tierra con que se ha comenzado hace presumir que resultar\u00e1 amplio el nuevo \u00e1mbito lo que ser\u00e1 en beneficio del cuerpo docente y alumnado. De esta manera se va afianzando la casa de altos estudios que funciona en nuestra ciudad y que es un beneficio para todos.<\/p>\n<p><img decoding=\"async\" data-attachment-id=\"40278\" data-permalink=\"https:\/\/eldiariodesanpedro.com.ar\/sitio\/baradero-la-unsada-crece\/41732486_237236143586261_8003028264484339712_n\/\" data-orig-file=\"https:\/\/eldiariodesanpedro.com.ar\/sitio\/wp-content\/uploads\/2018\/09\/41732486_237236143586261_8003028264484339712_n.jpg\" data-orig-size=\"800,600\" data-comments-opened=\"1\" data-image-meta=\"{&quot;aperture&quot;:&quot;0&quot;,&quot;credit&quot;:&quot;&quot;,&quot;camera&quot;:&quot;&quot;,&quot;caption&quot;:&quot;&quot;,&quot;created_timestamp&quot;:&quot;0&quot;,&quot;copyright&quot;:&quot;&quot;,&quot;focal_length&quot;:&quot;0&quot;,&quot;iso&quot;:&quot;0&quot;,&quot;shutter_speed&quot;:&quot;0&quot;,&quot;title&quot;:&quot;&quot;,&quot;orientation&quot;:&quot;0&quot;}\" data-image-title=\"41732486_237236143586261_8003028264484339712_n\" data-image-description=\"\" data-image-caption=\"\" data-large-file=\"https:\/\/eldiariodesanpedro.com.ar\/sitio\/wp-content\/uploads\/2018\/09\/41732486_237236143586261_8003028264484339712_n.jpg\" data-src=\"https:\/\/eldiariodesanpedro.com.ar\/sitio\/wp-content\/uploads\/2018\/09\/41732486_237236143586261_8003028264484339712_n.jpg\" alt=\"\" width=\"800\" height=\"600\" class=\"alignnone size-full wp-image-40278 lazyload\" data-srcset=\"https:\/\/eldiariodesanpedro.com.ar\/sitio\/wp-content\/uploads\/2018\/09\/41732486_237236143586261_8003028264484339712_n.jpg 800w, https:\/\/eldiariodesanpedro.com.ar\/sitio\/wp-content\/uploads\/2018\/09\/41732486_237236143586261_8003028264484339712_n-300x225.jpg 300w, https:\/\/eldiariodesanpedro.com.ar\/sitio\/wp-content\/uploads\/2018\/09\/41732486_237236143586261_8003028264484339712_n-768x576.jpg 768w\" data-sizes=\"(max-width: 800px) 100vw, 800px\" src=\"data:image\/svg+xml;base64,PHN2ZyB3aWR0aD0iMSIgaGVpZ2h0PSIxIiB4bWxucz0iaHR0cDovL3d3dy53My5vcmcvMjAwMC9zdmciPjwvc3ZnPg==\" style=\"--smush-placeholder-width: 800px; --smush-placeholder-aspect-ratio: 800\/600;\" \/><\/p>\n<p><img decoding=\"async\" data-attachment-id=\"40279\" data-permalink=\"https:\/\/eldiariodesanpedro.com.ar\/sitio\/baradero-la-unsada-crece\/41807146_1997353933888238_2342781381521702912_n\/\" data-orig-file=\"https:\/\/eldiariodesanpedro.com.ar\/sitio\/wp-content\/uploads\/2018\/09\/41807146_1997353933888238_2342781381521702912_n.jpg\" data-orig-size=\"800,600\" data-comments-opened=\"1\" data-image-meta=\"{&quot;aperture&quot;:&quot;0&quot;,&quot;credit&quot;:&quot;&quot;,&quot;camera&quot;:&quot;&quot;,&quot;caption&quot;:&quot;&quot;,&quot;created_timestamp&quot;:&quot;0&quot;,&quot;copyright&quot;:&quot;&quot;,&quot;focal_length&quot;:&quot;0&quot;,&quot;iso&quot;:&quot;0&quot;,&quot;shutter_speed&quot;:&quot;0&quot;,&quot;title&quot;:&quot;&quot;,&quot;orientation&quot;:&quot;0&quot;}\" data-image-title=\"41807146_1997353933888238_2342781381521702912_n\" data-image-description=\"\" data-image-caption=\"\" data-large-file=\"https:\/\/eldiariodesanpedro.com.ar\/sitio\/wp-content\/uploads\/2018\/09\/41807146_1997353933888238_2342781381521702912_n.jpg\" data-src=\"https:\/\/eldiariodesanpedro.com.ar\/sitio\/wp-content\/uploads\/2018\/09\/41807146_1997353933888238_2342781381521702912_n.jpg\" alt=\"\" width=\"660\" height=\"495\" class=\"alignnone size-large wp-image-40279 lazyload\" data-srcset=\"https:\/\/eldiariodesanpedro.com.ar\/sitio\/wp-content\/uploads\/2018\/09\/41807146_1997353933888238_2342781381521702912_n.jpg 800w, https:\/\/eldiariodesanpedro.com.ar\/sitio\/wp-content\/uploads\/2018\/09\/41807146_1997353933888238_2342781381521702912_n-300x225.jpg 300w, https:\/\/eldiariodesanpedro.com.ar\/sitio\/wp-content\/uploads\/2018\/09\/41807146_1997353933888238_2342781381521702912_n-768x576.jpg 768w\" data-sizes=\"(max-width: 660px) 100vw, 660px\" src=\"data:image\/svg+xml;base64,PHN2ZyB3aWR0aD0iMSIgaGVpZ2h0PSIxIiB4bWxucz0iaHR0cDovL3d3dy53My5vcmcvMjAwMC9zdmciPjwvc3ZnPg==\" style=\"--smush-placeholder-width: 660px; --smush-placeholder-aspect-ratio: 660\/495;\" \/><\/p>\n<p><img decoding=\"async\" data-attachment-id=\"40280\" data-permalink=\"https:\/\/eldiariodesanpedro.com.ar\/sitio\/baradero-la-unsada-crece\/41913881_672540529795658_160243838244356096_n\/\" data-orig-file=\"https:\/\/eldiariodesanpedro.com.ar\/sitio\/wp-content\/uploads\/2018\/09\/41913881_672540529795658_160243838244356096_n.jpg\" data-orig-size=\"800,600\" data-comments-opened=\"1\" data-image-meta=\"{&quot;aperture&quot;:&quot;0&quot;,&quot;credit&quot;:&quot;&quot;,&quot;camera&quot;:&quot;&quot;,&quot;caption&quot;:&quot;&quot;,&quot;created_timestamp&quot;:&quot;0&quot;,&quot;copyright&quot;:&quot;&quot;,&quot;focal_length&quot;:&quot;0&quot;,&quot;iso&quot;:&quot;0&quot;,&quot;shutter_speed&quot;:&quot;0&quot;,&quot;title&quot;:&quot;&quot;,&quot;orientation&quot;:&quot;0&quot;}\" data-image-title=\"41913881_672540529795658_160243838244356096_n\" data-image-description=\"\" data-image-caption=\"\" data-large-file=\"https:\/\/eldiariodesanpedro.com.ar\/sitio\/wp-content\/uploads\/2018\/09\/41913881_672540529795658_160243838244356096_n.jpg\" data-src=\"https:\/\/eldiariodesanpedro.com.ar\/sitio\/wp-content\/uploads\/2018\/09\/41913881_672540529795658_160243838244356096_n.jpg\" alt=\"\" width=\"660\" height=\"495\" class=\"alignnone size-large wp-image-40280 lazyload\" data-srcset=\"https:\/\/eldiariodesanpedro.com.ar\/sitio\/wp-content\/uploads\/2018\/09\/41913881_672540529795658_160243838244356096_n.jpg 800w, https:\/\/eldiariodesanpedro.com.ar\/sitio\/wp-content\/uploads\/2018\/09\/41913881_672540529795658_160243838244356096_n-300x225.jpg 300w, https:\/\/eldiariodesanpedro.com.ar\/sitio\/wp-content\/uploads\/2018\/09\/41913881_672540529795658_160243838244356096_n-768x576.jpg 768w\" data-sizes=\"(max-width: 660px) 100vw, 660px\" src=\"data:image\/svg+xml;base64,PHN2ZyB3aWR0aD0iMSIgaGVpZ2h0PSIxIiB4bWxucz0iaHR0cDovL3d3dy53My5vcmcvMjAwMC9zdmciPjwvc3ZnPg==\" style=\"--smush-placeholder-width: 660px; --smush-placeholder-aspect-ratio: 660\/495;\" \/><\/p>\n","protected":false},"excerpt":{"rendered":"<p>Se iniciaron trabajos para la ampliaci\u00f3n del edificio de la universidad La Universidad de San Antonio de Areco, regional Baradero, comenz\u00f3 a funcionar a\u00f1os atr\u00e1s en la esquina de las calles Gallo y Fray Luis de Bola\u00f1os en terrenos pertenecientes al \u00e1rea de Obras Sanitarias de la Municipalidad de Baradero. Debido al crecimiento de la [&hellip;]<\/p>\n","protected":false},"author":4,"featured_media":40278,"comment_status":"open","ping_status":"closed","sticky":false,"template":"","format":"standard","meta":{"om_disable_all_campaigns":false,"_jetpack_memberships_contains_paid_content":false,"footnotes":""},"categories":[621],"tags":[],"class_list":["post-40277","post","type-post","status-publish","format-standard","has-post-thumbnail","hentry","category-regionales"],"aioseo_notices":[],"gutentor_comment":0,"jetpack_featured_media_url":"https:\/\/eldiariodesanpedro.com.ar\/sitio\/wp-content\/uploads\/2018\/09\/41732486_237236143586261_8003028264484339712_n.jpg","jetpack_shortlink":"https:\/\/wp.me\/p6RhLt-atD","jetpack_sharing_enabled":true,"_links":{"self":[{"href":"https:\/\/eldiariodesanpedro.com.ar\/sitio\/wp-json\/wp\/v2\/posts\/40277","targetHints":{"allow":["GET"]}}],"collection":[{"href":"https:\/\/eldiariodesanpedro.com.ar\/sitio\/wp-json\/wp\/v2\/posts"}],"about":[{"href":"https:\/\/eldiariodesanpedro.com.ar\/sitio\/wp-json\/wp\/v2\/types\/post"}],"author":[{"embeddable":true,"href":"https:\/\/eldiariodesanpedro.com.ar\/sitio\/wp-json\/wp\/v2\/users\/4"}],"replies":[{"embeddable":true,"href":"https:\/\/eldiariodesanpedro.com.ar\/sitio\/wp-json\/wp\/v2\/comments?post=40277"}],"version-history":[{"count":1,"href":"https:\/\/eldiariodesanpedro.com.ar\/sitio\/wp-json\/wp\/v2\/posts\/40277\/revisions"}],"predecessor-version":[{"id":40281,"href":"https:\/\/eldiariodesanpedro.com.ar\/sitio\/wp-json\/wp\/v2\/posts\/40277\/revisions\/40281"}],"wp:featuredmedia":[{"embeddable":true,"href":"https:\/\/eldiariodesanpedro.com.ar\/sitio\/wp-json\/wp\/v2\/media\/40278"}],"wp:attachment":[{"href":"https:\/\/eldiariodesanpedro.com.ar\/sitio\/wp-json\/wp\/v2\/media?parent=40277"}],"wp:term":[{"taxonomy":"category","embeddable":true,"href":"https:\/\/eldiariodesanpedro.com.ar\/sitio\/wp-json\/wp\/v2\/categories?post=40277"},{"taxonomy":"post_tag","embeddable":true,"href":"https:\/\/eldiariodesanpedro.com.ar\/sitio\/wp-json\/wp\/v2\/tags?post=40277"}],"curies":[{"name":"wp","href":"https:\/\/api.w.org\/{rel}","templated":true}]}}