{"id":40275,"date":"2018-09-15T10:43:30","date_gmt":"2018-09-15T13:43:30","guid":{"rendered":"https:\/\/eldiariodesanpedro.com.ar\/sitio\/?p=40275"},"modified":"2018-09-15T10:43:30","modified_gmt":"2018-09-15T13:43:30","slug":"se-secuestro-un-vehiculo-y-se-aprehendio-a-un-hombre-por-captura-activa-en-gobernador-castro","status":"publish","type":"post","link":"https:\/\/eldiariodesanpedro.com.ar\/sitio\/se-secuestro-un-vehiculo-y-se-aprehendio-a-un-hombre-por-captura-activa-en-gobernador-castro\/","title":{"rendered":"Se secuestro un veh\u00edculo y se aprehendi\u00f3 a un hombre por captura activa en Gobernador Castro"},"content":{"rendered":"<p><!-- VideographyWP Plugin Message: Automatic video embedding prevented by plugin options. --><br \/>\nEste viernes por la tarde noche, personal policial de Gobernador Castro conjuntamente con Vial, en marco de un operativo vehicular, en intersecci\u00f3n de Camino Guzzo y Ruta Lucio Mansilla de este medio, se secuestro un autom\u00f3vil marca Fiat modelo Duna color gris, el cual era guiado por un ciudadano de 69 a\u00f1os de edad, raz\u00f3n de que el rodado registra \u201cprohibici\u00f3n de circular con retenci\u00f3n de cedula verde\u201d.<\/p>\n<p>El rodado fue secuestrado a disposici\u00f3n del Juzgado de Faltas de San Pedro, en deposito Municipal Local.<\/p>\n<p>Tambi\u00e9n en la misma localidad, cerca de las 13hs, personal policial conjuntamente con personal de Gobernador Castro,  juntamente con personal de Polic\u00eda Local San Pedro, realizando operativo en intersecci\u00f3n de Lucio Mansilla y Camino Guzzo, aprehenden a un hombre de 52,  quien registra pedido de captura activo del a\u00f1o 2016, en causa de robo agravado, a requerimiento de la fiscal\u00eda Judicial Mercedes.<\/p>\n","protected":false},"excerpt":{"rendered":"<p>Este viernes por la tarde noche, personal policial de Gobernador Castro conjuntamente con Vial, en marco de un operativo vehicular, en intersecci\u00f3n de Camino Guzzo y Ruta Lucio Mansilla de este medio, se secuestro un autom\u00f3vil marca Fiat modelo Duna color gris, el cual era guiado por un ciudadano de 69 a\u00f1os de edad, raz\u00f3n [&hellip;]<\/p>\n","protected":false},"author":4,"featured_media":13372,"comment_status":"open","ping_status":"closed","sticky":false,"template":"","format":"standard","meta":{"om_disable_all_campaigns":false,"_jetpack_memberships_contains_paid_content":false,"footnotes":""},"categories":[2,103],"tags":[],"class_list":["post-40275","post","type-post","status-publish","format-standard","has-post-thumbnail","hentry","category-locales","category-policiales-locales"],"aioseo_notices":[],"gutentor_comment":0,"jetpack_featured_media_url":"https:\/\/eldiariodesanpedro.com.ar\/sitio\/wp-content\/uploads\/2017\/01\/Patrulla-4-e1485286120389.jpg","jetpack_shortlink":"https:\/\/wp.me\/p6RhLt-atB","jetpack_sharing_enabled":true,"_links":{"self":[{"href":"https:\/\/eldiariodesanpedro.com.ar\/sitio\/wp-json\/wp\/v2\/posts\/40275","targetHints":{"allow":["GET"]}}],"collection":[{"href":"https:\/\/eldiariodesanpedro.com.ar\/sitio\/wp-json\/wp\/v2\/posts"}],"about":[{"href":"https:\/\/eldiariodesanpedro.com.ar\/sitio\/wp-json\/wp\/v2\/types\/post"}],"author":[{"embeddable":true,"href":"https:\/\/eldiariodesanpedro.com.ar\/sitio\/wp-json\/wp\/v2\/users\/4"}],"replies":[{"embeddable":true,"href":"https:\/\/eldiariodesanpedro.com.ar\/sitio\/wp-json\/wp\/v2\/comments?post=40275"}],"version-history":[{"count":1,"href":"https:\/\/eldiariodesanpedro.com.ar\/sitio\/wp-json\/wp\/v2\/posts\/40275\/revisions"}],"predecessor-version":[{"id":40276,"href":"https:\/\/eldiariodesanpedro.com.ar\/sitio\/wp-json\/wp\/v2\/posts\/40275\/revisions\/40276"}],"wp:featuredmedia":[{"embeddable":true,"href":"https:\/\/eldiariodesanpedro.com.ar\/sitio\/wp-json\/wp\/v2\/media\/13372"}],"wp:attachment":[{"href":"https:\/\/eldiariodesanpedro.com.ar\/sitio\/wp-json\/wp\/v2\/media?parent=40275"}],"wp:term":[{"taxonomy":"category","embeddable":true,"href":"https:\/\/eldiariodesanpedro.com.ar\/sitio\/wp-json\/wp\/v2\/categories?post=40275"},{"taxonomy":"post_tag","embeddable":true,"href":"https:\/\/eldiariodesanpedro.com.ar\/sitio\/wp-json\/wp\/v2\/tags?post=40275"}],"curies":[{"name":"wp","href":"https:\/\/api.w.org\/{rel}","templated":true}]}}