{"id":40271,"date":"2018-09-15T10:32:29","date_gmt":"2018-09-15T13:32:29","guid":{"rendered":"https:\/\/eldiariodesanpedro.com.ar\/sitio\/?p=40271"},"modified":"2018-09-15T10:32:29","modified_gmt":"2018-09-15T13:32:29","slug":"dos-denuncias-por-amenazas-de-muerte","status":"publish","type":"post","link":"https:\/\/eldiariodesanpedro.com.ar\/sitio\/dos-denuncias-por-amenazas-de-muerte\/","title":{"rendered":"Dos denuncias por amenazas de muerte"},"content":{"rendered":"<p><!-- VideographyWP Plugin Message: Automatic video embedding prevented by plugin options. --><br \/>\nEste viernes por la tarde, seg\u00fan el parte policial, dos denuncias por amenazas de muerte fueron registradas en la Comisaria de nuestra ciudad. Una de ellas el agresor le provoco da\u00f1os en la puerta de un domicilio.<\/p>\n<p>Siendo casi las 16hs cuenta un joven de  26 a\u00f1os de edad, que minutos antes que se encontraba en su domicilio, comenz\u00f3 a recibir amenazas de muerte de parte de otro joven al cual reconoce, quien adem\u00e1s le provoca da\u00f1os en la cerradura de la puerta de ingreso mediante golpes para luego darse a la fuga.<\/p>\n<p>Tambi\u00e9n por la ma\u00f1ana una joven de 26, denuncio que se encontraba en su vivienda sobre calle Manuel Iglesias al 400, y dos hombres y una mujer a los que reconoce,  comenzaron a amenazar manifestando que le iban a incendiar su domicilio, acus\u00e1ndola de barbaridades sin sentido.<\/p>\n<p>Ambos hechos son investigados por la fiscal\u00eda en turno de san pedro.<\/p>\n","protected":false},"excerpt":{"rendered":"<p>Este viernes por la tarde, seg\u00fan el parte policial, dos denuncias por amenazas de muerte fueron registradas en la Comisaria de nuestra ciudad. Una de ellas el agresor le provoco da\u00f1os en la puerta de un domicilio. Siendo casi las 16hs cuenta un joven de 26 a\u00f1os de edad, que minutos antes que se encontraba [&hellip;]<\/p>\n","protected":false},"author":4,"featured_media":40273,"comment_status":"open","ping_status":"closed","sticky":false,"template":"","format":"standard","meta":{"om_disable_all_campaigns":false,"_jetpack_memberships_contains_paid_content":false,"footnotes":""},"categories":[2,103],"tags":[],"class_list":["post-40271","post","type-post","status-publish","format-standard","has-post-thumbnail","hentry","category-locales","category-policiales-locales"],"aioseo_notices":[],"gutentor_comment":0,"jetpack_featured_media_url":"https:\/\/eldiariodesanpedro.com.ar\/sitio\/wp-content\/uploads\/2018\/09\/445720_grande_WoOUUq3k.jpg","jetpack_shortlink":"https:\/\/wp.me\/p6RhLt-atx","jetpack_sharing_enabled":true,"_links":{"self":[{"href":"https:\/\/eldiariodesanpedro.com.ar\/sitio\/wp-json\/wp\/v2\/posts\/40271","targetHints":{"allow":["GET"]}}],"collection":[{"href":"https:\/\/eldiariodesanpedro.com.ar\/sitio\/wp-json\/wp\/v2\/posts"}],"about":[{"href":"https:\/\/eldiariodesanpedro.com.ar\/sitio\/wp-json\/wp\/v2\/types\/post"}],"author":[{"embeddable":true,"href":"https:\/\/eldiariodesanpedro.com.ar\/sitio\/wp-json\/wp\/v2\/users\/4"}],"replies":[{"embeddable":true,"href":"https:\/\/eldiariodesanpedro.com.ar\/sitio\/wp-json\/wp\/v2\/comments?post=40271"}],"version-history":[{"count":1,"href":"https:\/\/eldiariodesanpedro.com.ar\/sitio\/wp-json\/wp\/v2\/posts\/40271\/revisions"}],"predecessor-version":[{"id":40274,"href":"https:\/\/eldiariodesanpedro.com.ar\/sitio\/wp-json\/wp\/v2\/posts\/40271\/revisions\/40274"}],"wp:featuredmedia":[{"embeddable":true,"href":"https:\/\/eldiariodesanpedro.com.ar\/sitio\/wp-json\/wp\/v2\/media\/40273"}],"wp:attachment":[{"href":"https:\/\/eldiariodesanpedro.com.ar\/sitio\/wp-json\/wp\/v2\/media?parent=40271"}],"wp:term":[{"taxonomy":"category","embeddable":true,"href":"https:\/\/eldiariodesanpedro.com.ar\/sitio\/wp-json\/wp\/v2\/categories?post=40271"},{"taxonomy":"post_tag","embeddable":true,"href":"https:\/\/eldiariodesanpedro.com.ar\/sitio\/wp-json\/wp\/v2\/tags?post=40271"}],"curies":[{"name":"wp","href":"https:\/\/api.w.org\/{rel}","templated":true}]}}