{"id":40268,"date":"2018-09-15T10:16:05","date_gmt":"2018-09-15T13:16:05","guid":{"rendered":"https:\/\/eldiariodesanpedro.com.ar\/sitio\/?p=40268"},"modified":"2018-09-15T10:16:05","modified_gmt":"2018-09-15T13:16:05","slug":"varios-cartuchos-de-armas-de-fuego-secuestrados-en-un-allanamiento","status":"publish","type":"post","link":"https:\/\/eldiariodesanpedro.com.ar\/sitio\/varios-cartuchos-de-armas-de-fuego-secuestrados-en-un-allanamiento\/","title":{"rendered":"Varios cartuchos de armas de fuego secuestrados en un allanamiento"},"content":{"rendered":"<p><!-- VideographyWP Plugin Message: Automatic video embedding prevented by plugin options. --><br \/>\nDos domicilios fueron allanados por distintas causas que tramitan las fiscalias de San Pedro cumpliendo con su objetivo. En ambos se secuestraron varios cartuchos de armas de fuego.<\/p>\n<p>Este viernes, en horas de la tarde, personal de gabinete criminol\u00f3gico  de Comisaria, diligencio dos ordenes de allanamiento extendidas por la Justicia ordinaria por distintas causas que tramitan las fiscal\u00edas de san pedro, secuestrando; primero en  calle Javier Rivero al 900 y luego en calle Rivadavia al 2400, multiples cartuchos de arma de fuego. <\/p>\n<p>Como consecuencias, para moradores de ambos domicilios, se cumplieron recaudos legales, sometidos a proceso judicial, quienes contin\u00faan con la prosecuci\u00f3n de la investigaci\u00f3n y las causas fueron caratuladas \u00abdiligencias de allanamientos &#8211; encubrimiento y secuestro\u00bb <\/p>\n","protected":false},"excerpt":{"rendered":"<p>Dos domicilios fueron allanados por distintas causas que tramitan las fiscalias de San Pedro cumpliendo con su objetivo. En ambos se secuestraron varios cartuchos de armas de fuego. Este viernes, en horas de la tarde, personal de gabinete criminol\u00f3gico de Comisaria, diligencio dos ordenes de allanamiento extendidas por la Justicia ordinaria por distintas causas que [&hellip;]<\/p>\n","protected":false},"author":4,"featured_media":40269,"comment_status":"open","ping_status":"closed","sticky":false,"template":"","format":"standard","meta":{"om_disable_all_campaigns":false,"_jetpack_memberships_contains_paid_content":false,"footnotes":""},"categories":[2,103],"tags":[],"class_list":["post-40268","post","type-post","status-publish","format-standard","has-post-thumbnail","hentry","category-locales","category-policiales-locales"],"aioseo_notices":[],"gutentor_comment":0,"jetpack_featured_media_url":"https:\/\/eldiariodesanpedro.com.ar\/sitio\/wp-content\/uploads\/2018\/09\/cartuchos-de-armas-de-fuego.jpg","jetpack_shortlink":"https:\/\/wp.me\/p6RhLt-atu","jetpack_sharing_enabled":true,"_links":{"self":[{"href":"https:\/\/eldiariodesanpedro.com.ar\/sitio\/wp-json\/wp\/v2\/posts\/40268","targetHints":{"allow":["GET"]}}],"collection":[{"href":"https:\/\/eldiariodesanpedro.com.ar\/sitio\/wp-json\/wp\/v2\/posts"}],"about":[{"href":"https:\/\/eldiariodesanpedro.com.ar\/sitio\/wp-json\/wp\/v2\/types\/post"}],"author":[{"embeddable":true,"href":"https:\/\/eldiariodesanpedro.com.ar\/sitio\/wp-json\/wp\/v2\/users\/4"}],"replies":[{"embeddable":true,"href":"https:\/\/eldiariodesanpedro.com.ar\/sitio\/wp-json\/wp\/v2\/comments?post=40268"}],"version-history":[{"count":1,"href":"https:\/\/eldiariodesanpedro.com.ar\/sitio\/wp-json\/wp\/v2\/posts\/40268\/revisions"}],"predecessor-version":[{"id":40270,"href":"https:\/\/eldiariodesanpedro.com.ar\/sitio\/wp-json\/wp\/v2\/posts\/40268\/revisions\/40270"}],"wp:featuredmedia":[{"embeddable":true,"href":"https:\/\/eldiariodesanpedro.com.ar\/sitio\/wp-json\/wp\/v2\/media\/40269"}],"wp:attachment":[{"href":"https:\/\/eldiariodesanpedro.com.ar\/sitio\/wp-json\/wp\/v2\/media?parent=40268"}],"wp:term":[{"taxonomy":"category","embeddable":true,"href":"https:\/\/eldiariodesanpedro.com.ar\/sitio\/wp-json\/wp\/v2\/categories?post=40268"},{"taxonomy":"post_tag","embeddable":true,"href":"https:\/\/eldiariodesanpedro.com.ar\/sitio\/wp-json\/wp\/v2\/tags?post=40268"}],"curies":[{"name":"wp","href":"https:\/\/api.w.org\/{rel}","templated":true}]}}