{"id":40261,"date":"2018-09-15T10:01:52","date_gmt":"2018-09-15T13:01:52","guid":{"rendered":"https:\/\/eldiariodesanpedro.com.ar\/sitio\/?p=40261"},"modified":"2018-09-15T10:01:52","modified_gmt":"2018-09-15T13:01:52","slug":"luego-de-la-conciliacion-obligatoria-coplac-no-abrio-sus-puertas","status":"publish","type":"post","link":"https:\/\/eldiariodesanpedro.com.ar\/sitio\/luego-de-la-conciliacion-obligatoria-coplac-no-abrio-sus-puertas\/","title":{"rendered":"Luego de la conciliaci\u00f3n obligatoria, Coplac no abri\u00f3 sus puertas"},"content":{"rendered":"<p><!-- VideographyWP Plugin Message: Automatic video embedding prevented by plugin options. --><br \/>\nEsta ma\u00f1ana la planta de Coplac tendria que haber abierto sus puertas,\u00bbla gente de vigilancia no la quiso recibir pero se hizo un acta con testigo, as\u00ed que la empresa est\u00e1 bien notificada\u00bb expreso a este medio Fernando Espindola uno de los representantes de la CGT Regional San Pedro &#8211; Baradero.<\/p>\n<p>Durante el turno de las 6.00 de la ma\u00f1ana, el grupo al que le tocaba trabajar se presento para ello, puesto que el sindicato decidi\u00f3 acatar la conciliaci\u00f3n obligatoria. Como el Ministerio no logra notificar a la empresa, por parte de sus jefes que se encuentran fuera del pa\u00eds y por parte del  representante legal de la empresa, que se encuentra en C\u00f3rdoba, decidieron entregar y notificar a la gente de seguridad que no quisieron aceptarla porque seg\u00fan ellos no estaban autorizados para recibir ning\u00fan tipo de notificaci\u00f3n por parte del Ministerio de Trabajo y le prohibieron la entrada a los trabajadores. <\/p>\n<p>\u00abHoy vinimos a trabajar y seguimos con el port\u00f3n cerrado, sabemos que se firmo una conciliaci\u00f3n obligatoria y ac\u00e1 estamos a la espera; estamos todos sin trabajo\u00bb contaba uno de los empleados que desde el primer d\u00eda sigue firme en las puertas esperando una buena noticia por parte de la empresa.<\/p>\n<p>La conciliaci\u00f3n obligatoria implica continuar el debate respecto de los puntos en desacuerdo,en este caso, incumplimiento del acuerdo paritario nacional, reducci\u00f3n en las bonificaciones por antig\u00fcedad y problemas de seguridad e higiene, pero con la f\u00e1brica en marcha y la gente trabajando.<\/p>\n<p>Recordemos que desde el domingo 9 del corriente mes, se estableci\u00f3 un piquete en la puerta por los trabajadores por falta de pagos atrasados, donde se dio un largo comienzo con este reclamo; el d\u00eda viernes los due\u00f1os deciden cerrar la planta y luego de que la empresa enviara cartas de documento a los trabajadores para informarles que los desped\u00eda \u00abcon justa causa\u00bb y que cerraba la planta a ra\u00edz de los reclamos sindicales.<\/p>\n<p>Mas de 60 familias son los que hoy siguen con la medida de fuerza en las puertas de Coplac, con el acompa\u00f1amiento de la  CGT y la CTA, que este viernes por la noche se llevo a cabo, ademas, el plenario organizado por ambas entidades que nuclean a los gremios de la ciudad y la zona, con el objetivo de unir esfuerzos \u201cFrente a la crisis socioecon\u00f3mica\u201d.<\/p>\n<p>Esta ma\u00f1ana Fernando Espindola agregaba al relato \u00abVamos a seguir hasta el lunes con la medida de fuerza y despu\u00e9s veremos como seguimos; el Gobierno Local no se acerco a solidarizarse con los compa\u00f1eros, ni el Jefe Comunal, ni sus concejales, es la conducci\u00f3n pol\u00edtica que tenemos en San Pedro  y los de la oposici\u00f3n tampoco, solo vinieron para la foto,  no deben vivir en San Pedro!!\u00bb.<\/p>\n<p>Desde el gabinete confirmaron al Diario de San Pedro que est\u00e1n dispuestos a recibir a los trabajadores en el Palacio Municipal.<\/p>\n<p><img decoding=\"async\" data-attachment-id=\"40266\" data-permalink=\"https:\/\/eldiariodesanpedro.com.ar\/sitio\/luego-de-la-conciliacion-obligatoria-coplac-no-abrio-sus-puertas\/whatsapp-image-2018-09-15-at-08-57-36\/\" data-orig-file=\"https:\/\/eldiariodesanpedro.com.ar\/sitio\/wp-content\/uploads\/2018\/09\/WhatsApp-Image-2018-09-15-at-08.57.36.jpeg\" data-orig-size=\"584,1040\" data-comments-opened=\"1\" data-image-meta=\"{&quot;aperture&quot;:&quot;0&quot;,&quot;credit&quot;:&quot;&quot;,&quot;camera&quot;:&quot;&quot;,&quot;caption&quot;:&quot;&quot;,&quot;created_timestamp&quot;:&quot;0&quot;,&quot;copyright&quot;:&quot;&quot;,&quot;focal_length&quot;:&quot;0&quot;,&quot;iso&quot;:&quot;0&quot;,&quot;shutter_speed&quot;:&quot;0&quot;,&quot;title&quot;:&quot;&quot;,&quot;orientation&quot;:&quot;0&quot;}\" data-image-title=\"WhatsApp Image 2018-09-15 at 08.57.36\" data-image-description=\"\" data-image-caption=\"\" data-large-file=\"https:\/\/eldiariodesanpedro.com.ar\/sitio\/wp-content\/uploads\/2018\/09\/WhatsApp-Image-2018-09-15-at-08.57.36-575x1024.jpeg\" data-src=\"https:\/\/eldiariodesanpedro.com.ar\/sitio\/wp-content\/uploads\/2018\/09\/WhatsApp-Image-2018-09-15-at-08.57.36-575x1024.jpeg\" alt=\"\" width=\"575\" height=\"1024\" class=\"alignnone size-large wp-image-40266 lazyload\" data-srcset=\"https:\/\/eldiariodesanpedro.com.ar\/sitio\/wp-content\/uploads\/2018\/09\/WhatsApp-Image-2018-09-15-at-08.57.36-575x1024.jpeg 575w, https:\/\/eldiariodesanpedro.com.ar\/sitio\/wp-content\/uploads\/2018\/09\/WhatsApp-Image-2018-09-15-at-08.57.36-168x300.jpeg 168w, https:\/\/eldiariodesanpedro.com.ar\/sitio\/wp-content\/uploads\/2018\/09\/WhatsApp-Image-2018-09-15-at-08.57.36.jpeg 584w\" data-sizes=\"(max-width: 575px) 100vw, 575px\" src=\"data:image\/svg+xml;base64,PHN2ZyB3aWR0aD0iMSIgaGVpZ2h0PSIxIiB4bWxucz0iaHR0cDovL3d3dy53My5vcmcvMjAwMC9zdmciPjwvc3ZnPg==\" style=\"--smush-placeholder-width: 575px; --smush-placeholder-aspect-ratio: 575\/1024;\" \/><\/p>\n<p><img decoding=\"async\" data-attachment-id=\"40265\" data-permalink=\"https:\/\/eldiariodesanpedro.com.ar\/sitio\/luego-de-la-conciliacion-obligatoria-coplac-no-abrio-sus-puertas\/whatsapp-image-2018-09-15-at-08-57-35\/\" data-orig-file=\"https:\/\/eldiariodesanpedro.com.ar\/sitio\/wp-content\/uploads\/2018\/09\/WhatsApp-Image-2018-09-15-at-08.57.35.jpeg\" data-orig-size=\"584,1040\" data-comments-opened=\"1\" data-image-meta=\"{&quot;aperture&quot;:&quot;0&quot;,&quot;credit&quot;:&quot;&quot;,&quot;camera&quot;:&quot;&quot;,&quot;caption&quot;:&quot;&quot;,&quot;created_timestamp&quot;:&quot;0&quot;,&quot;copyright&quot;:&quot;&quot;,&quot;focal_length&quot;:&quot;0&quot;,&quot;iso&quot;:&quot;0&quot;,&quot;shutter_speed&quot;:&quot;0&quot;,&quot;title&quot;:&quot;&quot;,&quot;orientation&quot;:&quot;0&quot;}\" data-image-title=\"WhatsApp Image 2018-09-15 at 08.57.35\" data-image-description=\"\" data-image-caption=\"\" data-large-file=\"https:\/\/eldiariodesanpedro.com.ar\/sitio\/wp-content\/uploads\/2018\/09\/WhatsApp-Image-2018-09-15-at-08.57.35-575x1024.jpeg\" data-src=\"https:\/\/eldiariodesanpedro.com.ar\/sitio\/wp-content\/uploads\/2018\/09\/WhatsApp-Image-2018-09-15-at-08.57.35-575x1024.jpeg\" alt=\"\" width=\"575\" height=\"1024\" class=\"alignnone size-large wp-image-40265 lazyload\" data-srcset=\"https:\/\/eldiariodesanpedro.com.ar\/sitio\/wp-content\/uploads\/2018\/09\/WhatsApp-Image-2018-09-15-at-08.57.35-575x1024.jpeg 575w, https:\/\/eldiariodesanpedro.com.ar\/sitio\/wp-content\/uploads\/2018\/09\/WhatsApp-Image-2018-09-15-at-08.57.35-168x300.jpeg 168w, https:\/\/eldiariodesanpedro.com.ar\/sitio\/wp-content\/uploads\/2018\/09\/WhatsApp-Image-2018-09-15-at-08.57.35.jpeg 584w\" data-sizes=\"(max-width: 575px) 100vw, 575px\" src=\"data:image\/svg+xml;base64,PHN2ZyB3aWR0aD0iMSIgaGVpZ2h0PSIxIiB4bWxucz0iaHR0cDovL3d3dy53My5vcmcvMjAwMC9zdmciPjwvc3ZnPg==\" style=\"--smush-placeholder-width: 575px; --smush-placeholder-aspect-ratio: 575\/1024;\" \/><\/p>\n<p><img decoding=\"async\" data-attachment-id=\"40264\" data-permalink=\"https:\/\/eldiariodesanpedro.com.ar\/sitio\/luego-de-la-conciliacion-obligatoria-coplac-no-abrio-sus-puertas\/whatsapp-image-2018-09-15-at-08-57-35-1\/\" data-orig-file=\"https:\/\/eldiariodesanpedro.com.ar\/sitio\/wp-content\/uploads\/2018\/09\/WhatsApp-Image-2018-09-15-at-08.57.35-1.jpeg\" data-orig-size=\"1040,584\" data-comments-opened=\"1\" data-image-meta=\"{&quot;aperture&quot;:&quot;0&quot;,&quot;credit&quot;:&quot;&quot;,&quot;camera&quot;:&quot;&quot;,&quot;caption&quot;:&quot;&quot;,&quot;created_timestamp&quot;:&quot;0&quot;,&quot;copyright&quot;:&quot;&quot;,&quot;focal_length&quot;:&quot;0&quot;,&quot;iso&quot;:&quot;0&quot;,&quot;shutter_speed&quot;:&quot;0&quot;,&quot;title&quot;:&quot;&quot;,&quot;orientation&quot;:&quot;0&quot;}\" data-image-title=\"WhatsApp Image 2018-09-15 at 08.57.35 (1)\" data-image-description=\"\" data-image-caption=\"\" data-large-file=\"https:\/\/eldiariodesanpedro.com.ar\/sitio\/wp-content\/uploads\/2018\/09\/WhatsApp-Image-2018-09-15-at-08.57.35-1-1024x575.jpeg\" data-src=\"https:\/\/eldiariodesanpedro.com.ar\/sitio\/wp-content\/uploads\/2018\/09\/WhatsApp-Image-2018-09-15-at-08.57.35-1-1024x575.jpeg\" alt=\"\" width=\"660\" height=\"371\" class=\"alignnone size-large wp-image-40264 lazyload\" data-srcset=\"https:\/\/eldiariodesanpedro.com.ar\/sitio\/wp-content\/uploads\/2018\/09\/WhatsApp-Image-2018-09-15-at-08.57.35-1-1024x575.jpeg 1024w, https:\/\/eldiariodesanpedro.com.ar\/sitio\/wp-content\/uploads\/2018\/09\/WhatsApp-Image-2018-09-15-at-08.57.35-1-300x168.jpeg 300w, https:\/\/eldiariodesanpedro.com.ar\/sitio\/wp-content\/uploads\/2018\/09\/WhatsApp-Image-2018-09-15-at-08.57.35-1-768x431.jpeg 768w, https:\/\/eldiariodesanpedro.com.ar\/sitio\/wp-content\/uploads\/2018\/09\/WhatsApp-Image-2018-09-15-at-08.57.35-1.jpeg 1040w\" data-sizes=\"(max-width: 660px) 100vw, 660px\" src=\"data:image\/svg+xml;base64,PHN2ZyB3aWR0aD0iMSIgaGVpZ2h0PSIxIiB4bWxucz0iaHR0cDovL3d3dy53My5vcmcvMjAwMC9zdmciPjwvc3ZnPg==\" style=\"--smush-placeholder-width: 660px; --smush-placeholder-aspect-ratio: 660\/371;\" \/><\/p>\n<p><img decoding=\"async\" data-attachment-id=\"40263\" data-permalink=\"https:\/\/eldiariodesanpedro.com.ar\/sitio\/luego-de-la-conciliacion-obligatoria-coplac-no-abrio-sus-puertas\/whatsapp-image-2018-09-15-at-08-57-34\/\" data-orig-file=\"https:\/\/eldiariodesanpedro.com.ar\/sitio\/wp-content\/uploads\/2018\/09\/WhatsApp-Image-2018-09-15-at-08.57.34.jpeg\" data-orig-size=\"584,1040\" data-comments-opened=\"1\" data-image-meta=\"{&quot;aperture&quot;:&quot;0&quot;,&quot;credit&quot;:&quot;&quot;,&quot;camera&quot;:&quot;&quot;,&quot;caption&quot;:&quot;&quot;,&quot;created_timestamp&quot;:&quot;0&quot;,&quot;copyright&quot;:&quot;&quot;,&quot;focal_length&quot;:&quot;0&quot;,&quot;iso&quot;:&quot;0&quot;,&quot;shutter_speed&quot;:&quot;0&quot;,&quot;title&quot;:&quot;&quot;,&quot;orientation&quot;:&quot;0&quot;}\" data-image-title=\"WhatsApp Image 2018-09-15 at 08.57.34\" data-image-description=\"\" data-image-caption=\"\" data-large-file=\"https:\/\/eldiariodesanpedro.com.ar\/sitio\/wp-content\/uploads\/2018\/09\/WhatsApp-Image-2018-09-15-at-08.57.34-575x1024.jpeg\" data-src=\"https:\/\/eldiariodesanpedro.com.ar\/sitio\/wp-content\/uploads\/2018\/09\/WhatsApp-Image-2018-09-15-at-08.57.34-575x1024.jpeg\" alt=\"\" width=\"575\" height=\"1024\" class=\"alignnone size-large wp-image-40263 lazyload\" data-srcset=\"https:\/\/eldiariodesanpedro.com.ar\/sitio\/wp-content\/uploads\/2018\/09\/WhatsApp-Image-2018-09-15-at-08.57.34-575x1024.jpeg 575w, https:\/\/eldiariodesanpedro.com.ar\/sitio\/wp-content\/uploads\/2018\/09\/WhatsApp-Image-2018-09-15-at-08.57.34-168x300.jpeg 168w, https:\/\/eldiariodesanpedro.com.ar\/sitio\/wp-content\/uploads\/2018\/09\/WhatsApp-Image-2018-09-15-at-08.57.34.jpeg 584w\" data-sizes=\"(max-width: 575px) 100vw, 575px\" src=\"data:image\/svg+xml;base64,PHN2ZyB3aWR0aD0iMSIgaGVpZ2h0PSIxIiB4bWxucz0iaHR0cDovL3d3dy53My5vcmcvMjAwMC9zdmciPjwvc3ZnPg==\" style=\"--smush-placeholder-width: 575px; --smush-placeholder-aspect-ratio: 575\/1024;\" \/><\/p>\n<p><img decoding=\"async\" data-attachment-id=\"40262\" data-permalink=\"https:\/\/eldiariodesanpedro.com.ar\/sitio\/luego-de-la-conciliacion-obligatoria-coplac-no-abrio-sus-puertas\/whatsapp-image-2018-09-15-at-08-57-34-1\/\" data-orig-file=\"https:\/\/eldiariodesanpedro.com.ar\/sitio\/wp-content\/uploads\/2018\/09\/WhatsApp-Image-2018-09-15-at-08.57.34-1.jpeg\" data-orig-size=\"584,1040\" data-comments-opened=\"1\" data-image-meta=\"{&quot;aperture&quot;:&quot;0&quot;,&quot;credit&quot;:&quot;&quot;,&quot;camera&quot;:&quot;&quot;,&quot;caption&quot;:&quot;&quot;,&quot;created_timestamp&quot;:&quot;0&quot;,&quot;copyright&quot;:&quot;&quot;,&quot;focal_length&quot;:&quot;0&quot;,&quot;iso&quot;:&quot;0&quot;,&quot;shutter_speed&quot;:&quot;0&quot;,&quot;title&quot;:&quot;&quot;,&quot;orientation&quot;:&quot;0&quot;}\" data-image-title=\"WhatsApp Image 2018-09-15 at 08.57.34 (1)\" data-image-description=\"\" data-image-caption=\"\" data-large-file=\"https:\/\/eldiariodesanpedro.com.ar\/sitio\/wp-content\/uploads\/2018\/09\/WhatsApp-Image-2018-09-15-at-08.57.34-1-575x1024.jpeg\" data-src=\"https:\/\/eldiariodesanpedro.com.ar\/sitio\/wp-content\/uploads\/2018\/09\/WhatsApp-Image-2018-09-15-at-08.57.34-1-575x1024.jpeg\" alt=\"\" width=\"575\" height=\"1024\" class=\"alignnone size-large wp-image-40262 lazyload\" data-srcset=\"https:\/\/eldiariodesanpedro.com.ar\/sitio\/wp-content\/uploads\/2018\/09\/WhatsApp-Image-2018-09-15-at-08.57.34-1-575x1024.jpeg 575w, https:\/\/eldiariodesanpedro.com.ar\/sitio\/wp-content\/uploads\/2018\/09\/WhatsApp-Image-2018-09-15-at-08.57.34-1-168x300.jpeg 168w, https:\/\/eldiariodesanpedro.com.ar\/sitio\/wp-content\/uploads\/2018\/09\/WhatsApp-Image-2018-09-15-at-08.57.34-1.jpeg 584w\" data-sizes=\"(max-width: 575px) 100vw, 575px\" src=\"data:image\/svg+xml;base64,PHN2ZyB3aWR0aD0iMSIgaGVpZ2h0PSIxIiB4bWxucz0iaHR0cDovL3d3dy53My5vcmcvMjAwMC9zdmciPjwvc3ZnPg==\" style=\"--smush-placeholder-width: 575px; --smush-placeholder-aspect-ratio: 575\/1024;\" \/><\/p>\n","protected":false},"excerpt":{"rendered":"<p>Esta ma\u00f1ana la planta de Coplac tendria que haber abierto sus puertas,\u00bbla gente de vigilancia no la quiso recibir pero se hizo un acta con testigo, as\u00ed que la empresa est\u00e1 bien notificada\u00bb expreso a este medio Fernando Espindola uno de los representantes de la CGT Regional San Pedro &#8211; Baradero. Durante el turno de [&hellip;]<\/p>\n","protected":false},"author":4,"featured_media":40264,"comment_status":"open","ping_status":"closed","sticky":false,"template":"","format":"standard","meta":{"om_disable_all_campaigns":false,"_jetpack_memberships_contains_paid_content":false,"footnotes":""},"categories":[50,101,2],"tags":[],"class_list":["post-40261","post","type-post","status-publish","format-standard","has-post-thumbnail","hentry","category-destacadas","category-interes-general-locales","category-locales"],"aioseo_notices":[],"gutentor_comment":0,"jetpack_featured_media_url":"https:\/\/eldiariodesanpedro.com.ar\/sitio\/wp-content\/uploads\/2018\/09\/WhatsApp-Image-2018-09-15-at-08.57.35-1.jpeg","jetpack_shortlink":"https:\/\/wp.me\/p6RhLt-atn","jetpack_sharing_enabled":true,"_links":{"self":[{"href":"https:\/\/eldiariodesanpedro.com.ar\/sitio\/wp-json\/wp\/v2\/posts\/40261","targetHints":{"allow":["GET"]}}],"collection":[{"href":"https:\/\/eldiariodesanpedro.com.ar\/sitio\/wp-json\/wp\/v2\/posts"}],"about":[{"href":"https:\/\/eldiariodesanpedro.com.ar\/sitio\/wp-json\/wp\/v2\/types\/post"}],"author":[{"embeddable":true,"href":"https:\/\/eldiariodesanpedro.com.ar\/sitio\/wp-json\/wp\/v2\/users\/4"}],"replies":[{"embeddable":true,"href":"https:\/\/eldiariodesanpedro.com.ar\/sitio\/wp-json\/wp\/v2\/comments?post=40261"}],"version-history":[{"count":1,"href":"https:\/\/eldiariodesanpedro.com.ar\/sitio\/wp-json\/wp\/v2\/posts\/40261\/revisions"}],"predecessor-version":[{"id":40267,"href":"https:\/\/eldiariodesanpedro.com.ar\/sitio\/wp-json\/wp\/v2\/posts\/40261\/revisions\/40267"}],"wp:featuredmedia":[{"embeddable":true,"href":"https:\/\/eldiariodesanpedro.com.ar\/sitio\/wp-json\/wp\/v2\/media\/40264"}],"wp:attachment":[{"href":"https:\/\/eldiariodesanpedro.com.ar\/sitio\/wp-json\/wp\/v2\/media?parent=40261"}],"wp:term":[{"taxonomy":"category","embeddable":true,"href":"https:\/\/eldiariodesanpedro.com.ar\/sitio\/wp-json\/wp\/v2\/categories?post=40261"},{"taxonomy":"post_tag","embeddable":true,"href":"https:\/\/eldiariodesanpedro.com.ar\/sitio\/wp-json\/wp\/v2\/tags?post=40261"}],"curies":[{"name":"wp","href":"https:\/\/api.w.org\/{rel}","templated":true}]}}