{"id":40255,"date":"2018-09-14T20:54:23","date_gmt":"2018-09-14T23:54:23","guid":{"rendered":"https:\/\/eldiariodesanpedro.com.ar\/sitio\/?p=40255"},"modified":"2026-01-24T00:10:53","modified_gmt":"2026-01-24T03:10:53","slug":"futbol-mitre-parana-se-juega-en-el-coloso-los-horarios-para-la-5-fecha","status":"publish","type":"post","link":"https:\/\/eldiariodesanpedro.com.ar\/sitio\/futbol-mitre-parana-se-juega-en-el-coloso-los-horarios-para-la-5-fecha\/","title":{"rendered":"F\u00daTBOL: Mitre-Paran\u00e1 se juega en el \u201cColoso\u201d. Los horarios para la 5\u00b0 fecha"},"content":{"rendered":"<p><!-- VideographyWP Plugin Message: Automatic video embedding prevented by plugin options. --><br \/>\n  La quinta fecha del Torneo Clausura se juega entre hoy y ma\u00f1ana, donde se destaca el cl\u00e1sico local entre Mitre \u2013 Paran\u00e1 que se jugar\u00e1 en el Estadio Municipal. La fecha tiene partidos atractivos. <\/p>\n<p><strong>Partidos y horarios<\/strong><\/p>\n<p><strong>Zona A<\/strong><br \/>\nFundici\u00f3n FC \u2013 Am\u00e9rica (se juega en el Estadio Municipal el s\u00e1bado 15)<br \/>\n5\u00b0: 11:00\/ 4\u00b0 12:15\/3\u00b0 13:30\/ Sub 21: 15:00\/1\u00b0: 16:45 horas<br \/>\nI. Portela \u2013 Banfield (se juega el s\u00e1bado 15)<br \/>\n5\u00b0: 11:00\/ 4\u00b0 12:15\/3\u00b0 13:30\/ Sub 21: 15:00\/1\u00b0: 16:45 hs<br \/>\nDomingo 16 de septiembre<br \/>\nSportivo \u2013 Agricultores Club<br \/>\n5\u00b0: 12:30\/ 4\u00b0 13:45\/3\u00b0 15:00\/ Sub 21: 16:30\/1\u00b0: 18:15 hs<br \/>\nLa Esperanza \u2013 C. C\u00f3rdoba<br \/>\n5\u00b0: 10:30\/ 4\u00b0 11:45\/3\u00b0 13:00\/ Sub 21: 14:30\/1\u00b0: 16:15 hs<\/p>\n<p><strong>Zona B<\/strong><br \/>\nAtl\u00e9tico \u2013 Las Palmeras<br \/>\n5\u00b0: 10:30\/ 4\u00b0 11:45\/3\u00b0 13:00\/ Sub 21: 14:30\/1\u00b0: 16:15 hs<br \/>\nAlsina \u2013 San Roque FC<br \/>\n5\u00b0: 10:30\/ 4\u00b0 11:45\/3\u00b0 13:00\/ Sub 21: 14:30\/1\u00b0: 16:15 hs<br \/>\nRivadavia \u2013 Independencia FC<br \/>\n5\u00b0: 10:00\/ 4\u00b0 11:15\/3\u00b0 12:30\/ Sub 21: 14:0\/1\u00b0: 15:45 hs<br \/>\nDef. Unidos \u2013 G. San Mart\u00edn<br \/>\n5\u00b0: 10:30\/ 4\u00b0 11:45\/3\u00b0 13:00\/ Sub 21: 14:30\/1\u00b0: 16:15 hs<\/p>\n<p><strong>Interzonal-Cl\u00e1sico<\/strong><br \/>\nMitre \u2013 Paran\u00e1 FC<br \/>\n5\u00b0: 10:30\/ 4\u00b0 11:45\/3\u00b0 13:00\/ Sub 21: 14:30\/1\u00b0: 16:15 hs<\/p>\n","protected":false},"excerpt":{"rendered":"<p>La quinta fecha del Torneo Clausura se juega entre hoy y ma\u00f1ana, donde se destaca el cl\u00e1sico local entre Mitre \u2013 Paran\u00e1 que se jugar\u00e1 en el Estadio Municipal. La fecha tiene partidos atractivos. Partidos y horarios Zona A Fundici\u00f3n FC \u2013 Am\u00e9rica (se juega en el Estadio Municipal el s\u00e1bado 15) 5\u00b0: 11:00\/ 4\u00b0 [&hellip;]<\/p>\n","protected":false},"author":4,"featured_media":35528,"comment_status":"open","ping_status":"closed","sticky":false,"template":"","format":"standard","meta":{"om_disable_all_campaigns":false,"_jetpack_memberships_contains_paid_content":false,"footnotes":""},"categories":[5],"tags":[],"class_list":["post-40255","post","type-post","status-publish","format-standard","has-post-thumbnail","hentry","category-deportes"],"aioseo_notices":[],"gutentor_comment":0,"jetpack_featured_media_url":"https:\/\/eldiariodesanpedro.com.ar\/sitio\/wp-content\/uploads\/2018\/06\/futbol-5.jpg","jetpack_shortlink":"https:\/\/wp.me\/p6RhLt-ath","jetpack_sharing_enabled":true,"_links":{"self":[{"href":"https:\/\/eldiariodesanpedro.com.ar\/sitio\/wp-json\/wp\/v2\/posts\/40255","targetHints":{"allow":["GET"]}}],"collection":[{"href":"https:\/\/eldiariodesanpedro.com.ar\/sitio\/wp-json\/wp\/v2\/posts"}],"about":[{"href":"https:\/\/eldiariodesanpedro.com.ar\/sitio\/wp-json\/wp\/v2\/types\/post"}],"author":[{"embeddable":true,"href":"https:\/\/eldiariodesanpedro.com.ar\/sitio\/wp-json\/wp\/v2\/users\/4"}],"replies":[{"embeddable":true,"href":"https:\/\/eldiariodesanpedro.com.ar\/sitio\/wp-json\/wp\/v2\/comments?post=40255"}],"version-history":[{"count":2,"href":"https:\/\/eldiariodesanpedro.com.ar\/sitio\/wp-json\/wp\/v2\/posts\/40255\/revisions"}],"predecessor-version":[{"id":40260,"href":"https:\/\/eldiariodesanpedro.com.ar\/sitio\/wp-json\/wp\/v2\/posts\/40255\/revisions\/40260"}],"wp:featuredmedia":[{"embeddable":true,"href":"https:\/\/eldiariodesanpedro.com.ar\/sitio\/wp-json\/wp\/v2\/media\/35528"}],"wp:attachment":[{"href":"https:\/\/eldiariodesanpedro.com.ar\/sitio\/wp-json\/wp\/v2\/media?parent=40255"}],"wp:term":[{"taxonomy":"category","embeddable":true,"href":"https:\/\/eldiariodesanpedro.com.ar\/sitio\/wp-json\/wp\/v2\/categories?post=40255"},{"taxonomy":"post_tag","embeddable":true,"href":"https:\/\/eldiariodesanpedro.com.ar\/sitio\/wp-json\/wp\/v2\/tags?post=40255"}],"curies":[{"name":"wp","href":"https:\/\/api.w.org\/{rel}","templated":true}]}}