{"id":40247,"date":"2018-09-14T20:45:04","date_gmt":"2018-09-14T23:45:04","guid":{"rendered":"https:\/\/eldiariodesanpedro.com.ar\/sitio\/?p=40247"},"modified":"2026-01-24T00:10:53","modified_gmt":"2026-01-24T03:10:53","slug":"abanderado-dante-cittadini-orgullo-para-el-deporte-local-sera-abanderado-argentino-en-los-jjoo-de-la-juventud","status":"publish","type":"post","link":"https:\/\/eldiariodesanpedro.com.ar\/sitio\/abanderado-dante-cittadini-orgullo-para-el-deporte-local-sera-abanderado-argentino-en-los-jjoo-de-la-juventud\/","title":{"rendered":"ABANDERADO: Dante Cittadini, orgullo para el deporte local. Ser\u00e1 abanderado argentino en los JJOO de la Juventud"},"content":{"rendered":"<p><!-- VideographyWP Plugin Message: Automatic video embedding prevented by plugin options. --><br \/>\nEl sampedrino, uno de los clasificados para los Juegos Ol\u00edmpicos de la Juventud Buenos aires 2018 que se desarrollar\u00e1n en CABA desde el 6 de octubre .<\/p>\n<p>  Dante Cittadini (clasificado en la clase NACRA junto a Teresa Romairone) ser\u00e1 abanderado de la delegaci\u00f3n argentina producto de una votaci\u00f3n en la que result\u00f3 favorecido y que se conoci\u00f3 este mi\u00e9rcoles en el Comit\u00e9 Ol\u00edmpico Argentino.<\/p>\n<p>  El deportista ya particip\u00f3 de la ceremonia de encendido del pebetero con el que comenz\u00f3 la etapa final de los preparativos. Est\u00e1 a confirmarse la fecha de un encuentro de despedida en el Club N\u00e1utico San Pedro, previo a la competencia organizado por la Comisi\u00f3n Directiva y la Direcci\u00f3n de Deportes del Club en la que tambi\u00e9n participar\u00e1n Valentina Rossi y Rebeca D\u2019Est\u00e9fano clasificados en canotaje y Nicol\u00e1s Schargorodsky entrenador de Dante.<\/p>\n","protected":false},"excerpt":{"rendered":"<p>El sampedrino, uno de los clasificados para los Juegos Ol\u00edmpicos de la Juventud Buenos aires 2018 que se desarrollar\u00e1n en CABA desde el 6 de octubre . Dante Cittadini (clasificado en la clase NACRA junto a Teresa Romairone) ser\u00e1 abanderado de la delegaci\u00f3n argentina producto de una votaci\u00f3n en la que result\u00f3 favorecido y que [&hellip;]<\/p>\n","protected":false},"author":4,"featured_media":0,"comment_status":"open","ping_status":"closed","sticky":false,"template":"","format":"standard","meta":{"om_disable_all_campaigns":false,"_jetpack_memberships_contains_paid_content":false,"footnotes":""},"categories":[5],"tags":[],"class_list":["post-40247","post","type-post","status-publish","format-standard","hentry","category-deportes"],"aioseo_notices":[],"gutentor_comment":0,"jetpack_featured_media_url":"","jetpack_shortlink":"https:\/\/wp.me\/p6RhLt-at9","jetpack_sharing_enabled":true,"_links":{"self":[{"href":"https:\/\/eldiariodesanpedro.com.ar\/sitio\/wp-json\/wp\/v2\/posts\/40247","targetHints":{"allow":["GET"]}}],"collection":[{"href":"https:\/\/eldiariodesanpedro.com.ar\/sitio\/wp-json\/wp\/v2\/posts"}],"about":[{"href":"https:\/\/eldiariodesanpedro.com.ar\/sitio\/wp-json\/wp\/v2\/types\/post"}],"author":[{"embeddable":true,"href":"https:\/\/eldiariodesanpedro.com.ar\/sitio\/wp-json\/wp\/v2\/users\/4"}],"replies":[{"embeddable":true,"href":"https:\/\/eldiariodesanpedro.com.ar\/sitio\/wp-json\/wp\/v2\/comments?post=40247"}],"version-history":[{"count":1,"href":"https:\/\/eldiariodesanpedro.com.ar\/sitio\/wp-json\/wp\/v2\/posts\/40247\/revisions"}],"predecessor-version":[{"id":40250,"href":"https:\/\/eldiariodesanpedro.com.ar\/sitio\/wp-json\/wp\/v2\/posts\/40247\/revisions\/40250"}],"wp:attachment":[{"href":"https:\/\/eldiariodesanpedro.com.ar\/sitio\/wp-json\/wp\/v2\/media?parent=40247"}],"wp:term":[{"taxonomy":"category","embeddable":true,"href":"https:\/\/eldiariodesanpedro.com.ar\/sitio\/wp-json\/wp\/v2\/categories?post=40247"},{"taxonomy":"post_tag","embeddable":true,"href":"https:\/\/eldiariodesanpedro.com.ar\/sitio\/wp-json\/wp\/v2\/tags?post=40247"}],"curies":[{"name":"wp","href":"https:\/\/api.w.org\/{rel}","templated":true}]}}