{"id":40241,"date":"2018-09-14T20:40:29","date_gmt":"2018-09-14T23:40:29","guid":{"rendered":"https:\/\/eldiariodesanpedro.com.ar\/sitio\/?p=40241"},"modified":"2026-01-24T00:10:53","modified_gmt":"2026-01-24T03:10:53","slug":"basquet-manana-mitre-somisa","status":"publish","type":"post","link":"https:\/\/eldiariodesanpedro.com.ar\/sitio\/basquet-manana-mitre-somisa\/","title":{"rendered":"B\u00c1SQUET: Ma\u00f1ana Mitre-Somisa"},"content":{"rendered":"<p><!-- VideographyWP Plugin Message: Automatic video embedding prevented by plugin options. --><br \/>\n  Este s\u00e1bado los rojos reciben a Somisa de San Nicol\u00e1s en la reanudaci\u00f3n del Torneo Clausura que organiza la Asociaci\u00f3n de B\u00e1squet de San Nicol\u00e1s. Ser\u00e1 con todas las categor\u00edas desde las 10 horas en el gimnasio del centro.  <\/p>\n","protected":false},"excerpt":{"rendered":"<p>Este s\u00e1bado los rojos reciben a Somisa de San Nicol\u00e1s en la reanudaci\u00f3n del Torneo Clausura que organiza la Asociaci\u00f3n de B\u00e1squet de San Nicol\u00e1s. Ser\u00e1 con todas las categor\u00edas desde las 10 horas en el gimnasio del centro.<\/p>\n","protected":false},"author":4,"featured_media":35976,"comment_status":"open","ping_status":"closed","sticky":false,"template":"","format":"standard","meta":{"om_disable_all_campaigns":false,"_jetpack_memberships_contains_paid_content":false,"footnotes":""},"categories":[5],"tags":[],"class_list":["post-40241","post","type-post","status-publish","format-standard","has-post-thumbnail","hentry","category-deportes"],"aioseo_notices":[],"gutentor_comment":0,"jetpack_featured_media_url":"https:\/\/eldiariodesanpedro.com.ar\/sitio\/wp-content\/uploads\/2018\/07\/basquet-2.jpg","jetpack_shortlink":"https:\/\/wp.me\/p6RhLt-at3","jetpack_sharing_enabled":true,"_links":{"self":[{"href":"https:\/\/eldiariodesanpedro.com.ar\/sitio\/wp-json\/wp\/v2\/posts\/40241","targetHints":{"allow":["GET"]}}],"collection":[{"href":"https:\/\/eldiariodesanpedro.com.ar\/sitio\/wp-json\/wp\/v2\/posts"}],"about":[{"href":"https:\/\/eldiariodesanpedro.com.ar\/sitio\/wp-json\/wp\/v2\/types\/post"}],"author":[{"embeddable":true,"href":"https:\/\/eldiariodesanpedro.com.ar\/sitio\/wp-json\/wp\/v2\/users\/4"}],"replies":[{"embeddable":true,"href":"https:\/\/eldiariodesanpedro.com.ar\/sitio\/wp-json\/wp\/v2\/comments?post=40241"}],"version-history":[{"count":2,"href":"https:\/\/eldiariodesanpedro.com.ar\/sitio\/wp-json\/wp\/v2\/posts\/40241\/revisions"}],"predecessor-version":[{"id":40246,"href":"https:\/\/eldiariodesanpedro.com.ar\/sitio\/wp-json\/wp\/v2\/posts\/40241\/revisions\/40246"}],"wp:featuredmedia":[{"embeddable":true,"href":"https:\/\/eldiariodesanpedro.com.ar\/sitio\/wp-json\/wp\/v2\/media\/35976"}],"wp:attachment":[{"href":"https:\/\/eldiariodesanpedro.com.ar\/sitio\/wp-json\/wp\/v2\/media?parent=40241"}],"wp:term":[{"taxonomy":"category","embeddable":true,"href":"https:\/\/eldiariodesanpedro.com.ar\/sitio\/wp-json\/wp\/v2\/categories?post=40241"},{"taxonomy":"post_tag","embeddable":true,"href":"https:\/\/eldiariodesanpedro.com.ar\/sitio\/wp-json\/wp\/v2\/tags?post=40241"}],"curies":[{"name":"wp","href":"https:\/\/api.w.org\/{rel}","templated":true}]}}