{"id":40231,"date":"2018-09-14T20:27:55","date_gmt":"2018-09-14T23:27:55","guid":{"rendered":"https:\/\/eldiariodesanpedro.com.ar\/sitio\/?p=40231"},"modified":"2018-09-14T20:27:55","modified_gmt":"2018-09-14T23:27:55","slug":"baradero-se-inicio-una-campana-para-ayudar-a-un-nene-de-2-anos-internado-en-el-garrahan","status":"publish","type":"post","link":"https:\/\/eldiariodesanpedro.com.ar\/sitio\/baradero-se-inicio-una-campana-para-ayudar-a-un-nene-de-2-anos-internado-en-el-garrahan\/","title":{"rendered":"BARADERO: Se inici\u00f3 una campa\u00f1a para ayudar a un nene de 2 a\u00f1os internado en el Garrahan"},"content":{"rendered":"<p><!-- VideographyWP Plugin Message: Automatic video embedding prevented by plugin options. --><br \/>\nNicol\u00e1s, ser\u00e1 intervenido en el Hospital de Ni\u00f1os tras detectarse esta semana que padece de un tumor cerebral. Fue descubierto luego de una consulta que realiz\u00f3 su familia. <\/p>\n<p>  La criatura concurre al Jard\u00edn Maternal del \u201cHogar del Ni\u00f1o Juan XXIII\u201d. Su docente, Vanesa Ciaponi, confirm\u00f3 el caso en di\u00e1logo con Tu Radio.<br \/>\n  Asegur\u00f3 que \u201cel nene present\u00f3 s\u00edntomas en la semana y aconsejaron al pap\u00e1 que consulte al m\u00e9dico\u201d. Fue entonces cuando se lo deriv\u00f3 al Garrahan donde le detectaron el tumor. En las \u00faltimas horas se hizo una intervenci\u00f3n para drenar y posteriormente ser\u00e1 intervenido quir\u00fargicamente.<br \/>\n  Se inici\u00f3 una colecta que lleva adelante la Cooperadora del Hogar del Ni\u00f1o. Pueden acercarse a la instituci\u00f3n a dejar su donaci\u00f3n de 8 a 14 hs. Presidente Nicol\u00e1s Pandero \u2013 Tesorera Carla Liaudat \u2013 Hogar del Ni\u00f1o Baradero.<\/p>\n<p>Fuente: Tu L\u00ednea Directa<\/p>\n","protected":false},"excerpt":{"rendered":"<p>Nicol\u00e1s, ser\u00e1 intervenido en el Hospital de Ni\u00f1os tras detectarse esta semana que padece de un tumor cerebral. Fue descubierto luego de una consulta que realiz\u00f3 su familia. La criatura concurre al Jard\u00edn Maternal del \u201cHogar del Ni\u00f1o Juan XXIII\u201d. Su docente, Vanesa Ciaponi, confirm\u00f3 el caso en di\u00e1logo con Tu Radio. Asegur\u00f3 que \u201cel [&hellip;]<\/p>\n","protected":false},"author":4,"featured_media":40232,"comment_status":"open","ping_status":"closed","sticky":false,"template":"","format":"standard","meta":{"om_disable_all_campaigns":false,"_jetpack_memberships_contains_paid_content":false,"footnotes":""},"categories":[621],"tags":[],"class_list":["post-40231","post","type-post","status-publish","format-standard","has-post-thumbnail","hentry","category-regionales"],"aioseo_notices":[],"gutentor_comment":0,"jetpack_featured_media_url":"https:\/\/eldiariodesanpedro.com.ar\/sitio\/wp-content\/uploads\/2018\/09\/Nicol\u00e1s.jpg","jetpack_shortlink":"https:\/\/wp.me\/p6RhLt-asT","jetpack_sharing_enabled":true,"_links":{"self":[{"href":"https:\/\/eldiariodesanpedro.com.ar\/sitio\/wp-json\/wp\/v2\/posts\/40231","targetHints":{"allow":["GET"]}}],"collection":[{"href":"https:\/\/eldiariodesanpedro.com.ar\/sitio\/wp-json\/wp\/v2\/posts"}],"about":[{"href":"https:\/\/eldiariodesanpedro.com.ar\/sitio\/wp-json\/wp\/v2\/types\/post"}],"author":[{"embeddable":true,"href":"https:\/\/eldiariodesanpedro.com.ar\/sitio\/wp-json\/wp\/v2\/users\/4"}],"replies":[{"embeddable":true,"href":"https:\/\/eldiariodesanpedro.com.ar\/sitio\/wp-json\/wp\/v2\/comments?post=40231"}],"version-history":[{"count":1,"href":"https:\/\/eldiariodesanpedro.com.ar\/sitio\/wp-json\/wp\/v2\/posts\/40231\/revisions"}],"predecessor-version":[{"id":40235,"href":"https:\/\/eldiariodesanpedro.com.ar\/sitio\/wp-json\/wp\/v2\/posts\/40231\/revisions\/40235"}],"wp:featuredmedia":[{"embeddable":true,"href":"https:\/\/eldiariodesanpedro.com.ar\/sitio\/wp-json\/wp\/v2\/media\/40232"}],"wp:attachment":[{"href":"https:\/\/eldiariodesanpedro.com.ar\/sitio\/wp-json\/wp\/v2\/media?parent=40231"}],"wp:term":[{"taxonomy":"category","embeddable":true,"href":"https:\/\/eldiariodesanpedro.com.ar\/sitio\/wp-json\/wp\/v2\/categories?post=40231"},{"taxonomy":"post_tag","embeddable":true,"href":"https:\/\/eldiariodesanpedro.com.ar\/sitio\/wp-json\/wp\/v2\/tags?post=40231"}],"curies":[{"name":"wp","href":"https:\/\/api.w.org\/{rel}","templated":true}]}}