{"id":40220,"date":"2018-09-14T20:20:54","date_gmt":"2018-09-14T23:20:54","guid":{"rendered":"https:\/\/eldiariodesanpedro.com.ar\/sitio\/?p=40220"},"modified":"2018-09-14T20:20:54","modified_gmt":"2018-09-14T23:20:54","slug":"campana-emanuel-mancilla-mi-papa-manoseo-a-mi-hija-y-a-otras-dos-nenas-las-violo","status":"publish","type":"post","link":"https:\/\/eldiariodesanpedro.com.ar\/sitio\/campana-emanuel-mancilla-mi-papa-manoseo-a-mi-hija-y-a-otras-dos-nenas-las-violo\/","title":{"rendered":"CAMPANA, Emanuel Mancilla: \u201cMi pap\u00e1 manose\u00f3 a mi hija y a otras dos nenas las viol\u00f3\u201d"},"content":{"rendered":"<p><!-- VideographyWP Plugin Message: Automatic video embedding prevented by plugin options. --><br \/>\nEl padre de la ni\u00f1a de 4 a\u00f1os denunci\u00f3 a su propio pap\u00e1 como autor del abuso. Ambos viven en el B\u00ba Dignidad y los familiares buscan respuestas, ya que todav\u00eda la Polic\u00eda no lo detuvo. Habl\u00f3 en exclusiva con CampanaTeVe y cont\u00f3 su situaci\u00f3n.<\/p>\n<p>  Una situaci\u00f3n de abuso fue denunciada por Emanuel Mancilla. Seg\u00fan coment\u00f3 el testigo, su pap\u00e1 abus\u00f3 a su hija de 4 a\u00f1os. Ocurri\u00f3 en el barrio Dignidad y ya fue hecha la denuncia.<br \/>\n  Tanto Emanuel como su esposa, Cristina Acu\u00f1a, afirman que habr\u00eda abusado a dos nenas m\u00e1s: una de 6 y otra de 7 a\u00f1os.<br \/>\n  Emanuel habl\u00f3 en exclusiva con CampanaTeVe y admiti\u00f3: \u201cMi pap\u00e1 manose\u00f3 a mi hija y a otras dos nenas las viol\u00f3. Est\u00e1 en la calle y la Polic\u00eda no est\u00e1 haciendo nada\u201d, asever\u00f3 y agreg\u00f3: \u201cYo hice la denuncia y todav\u00eda no tuvimos respuestas\u201d.<br \/>\n  Debido a esta situaci\u00f3n, todos los vecinos del B\u00ba Dignidad est\u00e1n alertados y \u201cayer hicimos una manifestaci\u00f3n frente al comando para ver si lo pod\u00edan agarrar. Este hombre sigue libre y siendo una amenaza para cualquier persona\u201d, dijo.<br \/>\n  Por su parte Cristina Acu\u00f1a, la mam\u00e1 de la v\u00edctima, argument\u00f3: \u201cEsta persona no puede seguir libre, teniendo en cuenta que hay muchos chicos en el barrio. Esta situaci\u00f3n no s\u00f3lo pas\u00f3 con mi nena, sino que hay dos chicas m\u00e1s involucradas y podr\u00eda haber m\u00e1s si contin\u00faa libre\u201d.<br \/>\n  Para cerrar sostuvo: \u201c\u00c9l lo confes\u00f3 todo y se re\u00eda delante de mi cara y frente a mi esposo. Para colmo dice que arruin\u00f3 a mi hija y agrega: ahora qu\u00e9 vas a hacer\u201d, desliz\u00f3 con mucha bronca la mam\u00e1 de la chica que busca respuestas inmediatas.<\/p>\n<p>Fuente: Campana Noticias<\/p>\n","protected":false},"excerpt":{"rendered":"<p>El padre de la ni\u00f1a de 4 a\u00f1os denunci\u00f3 a su propio pap\u00e1 como autor del abuso. Ambos viven en el B\u00ba Dignidad y los familiares buscan respuestas, ya que todav\u00eda la Polic\u00eda no lo detuvo. Habl\u00f3 en exclusiva con CampanaTeVe y cont\u00f3 su situaci\u00f3n. Una situaci\u00f3n de abuso fue denunciada por Emanuel Mancilla. Seg\u00fan [&hellip;]<\/p>\n","protected":false},"author":4,"featured_media":40224,"comment_status":"open","ping_status":"closed","sticky":false,"template":"","format":"standard","meta":{"om_disable_all_campaigns":false,"_jetpack_memberships_contains_paid_content":false,"footnotes":""},"categories":[621],"tags":[],"class_list":["post-40220","post","type-post","status-publish","format-standard","has-post-thumbnail","hentry","category-regionales"],"aioseo_notices":[],"gutentor_comment":0,"jetpack_featured_media_url":"https:\/\/eldiariodesanpedro.com.ar\/sitio\/wp-content\/uploads\/2018\/09\/Padres-de-la-ni\u00f1a-abusada.jpg","jetpack_shortlink":"https:\/\/wp.me\/p6RhLt-asI","jetpack_sharing_enabled":true,"_links":{"self":[{"href":"https:\/\/eldiariodesanpedro.com.ar\/sitio\/wp-json\/wp\/v2\/posts\/40220","targetHints":{"allow":["GET"]}}],"collection":[{"href":"https:\/\/eldiariodesanpedro.com.ar\/sitio\/wp-json\/wp\/v2\/posts"}],"about":[{"href":"https:\/\/eldiariodesanpedro.com.ar\/sitio\/wp-json\/wp\/v2\/types\/post"}],"author":[{"embeddable":true,"href":"https:\/\/eldiariodesanpedro.com.ar\/sitio\/wp-json\/wp\/v2\/users\/4"}],"replies":[{"embeddable":true,"href":"https:\/\/eldiariodesanpedro.com.ar\/sitio\/wp-json\/wp\/v2\/comments?post=40220"}],"version-history":[{"count":1,"href":"https:\/\/eldiariodesanpedro.com.ar\/sitio\/wp-json\/wp\/v2\/posts\/40220\/revisions"}],"predecessor-version":[{"id":40225,"href":"https:\/\/eldiariodesanpedro.com.ar\/sitio\/wp-json\/wp\/v2\/posts\/40220\/revisions\/40225"}],"wp:featuredmedia":[{"embeddable":true,"href":"https:\/\/eldiariodesanpedro.com.ar\/sitio\/wp-json\/wp\/v2\/media\/40224"}],"wp:attachment":[{"href":"https:\/\/eldiariodesanpedro.com.ar\/sitio\/wp-json\/wp\/v2\/media?parent=40220"}],"wp:term":[{"taxonomy":"category","embeddable":true,"href":"https:\/\/eldiariodesanpedro.com.ar\/sitio\/wp-json\/wp\/v2\/categories?post=40220"},{"taxonomy":"post_tag","embeddable":true,"href":"https:\/\/eldiariodesanpedro.com.ar\/sitio\/wp-json\/wp\/v2\/tags?post=40220"}],"curies":[{"name":"wp","href":"https:\/\/api.w.org\/{rel}","templated":true}]}}