{"id":40216,"date":"2018-09-14T20:17:37","date_gmt":"2018-09-14T23:17:37","guid":{"rendered":"https:\/\/eldiariodesanpedro.com.ar\/sitio\/?p=40216"},"modified":"2018-09-14T20:17:37","modified_gmt":"2018-09-14T23:17:37","slug":"tras-el-cierre-de-la-fabrica-coplac-los-trabajadores-cortaron-la-crucero-general-belgrano","status":"publish","type":"post","link":"https:\/\/eldiariodesanpedro.com.ar\/sitio\/tras-el-cierre-de-la-fabrica-coplac-los-trabajadores-cortaron-la-crucero-general-belgrano\/","title":{"rendered":"Tras el cierre de la f\u00e1brica COPLAC los trabajadores cortaron la Crucero General Belgrano"},"content":{"rendered":"<p><!-- VideographyWP Plugin Message: Automatic video embedding prevented by plugin options. --><br \/>\nTras varios d\u00edas de conflicto salarial con empleados, el propietario de la firma brasilera decidi\u00f3 poner fin a la actividad de la planta y envi\u00f3 telegramas de despido a todos los trabajadores, incluido el personal jer\u00e1rquico. <\/p>\n<p>  Desde hace varios d\u00edas los trabajadores de la planta COPLAC manten\u00edan una medida de fuerza por un conflicto laboral planteado ante la empresa. Hubo varias negociaciones y entrevistas en la Secretar\u00eda de Trabajo, pero en la tarde del jueves el propietario de la empresa tom\u00f3 una dr\u00e1stica decisi\u00f3n y en la ma\u00f1ana del viernes los empleados comenzaron a recibir los telegramas de despido.<br \/>\n  En total son 67 los trabajadores, incluido el personal jer\u00e1rquico, que se quedan sin trabajo ya que la firma decidi\u00f3 cerrar definitivamente disconforme con la postura tomada por los operarios.<br \/>\n  Sobre el mediod\u00eda del viernes los trabajadores de Coplac junto a los delegados gremiales y el apoyo de la CGT local, decidieron cortar el camino de acceso a la planta el mismo que a la vez es uno de los ingresos a la ciudad.<br \/>\n  Por ahora no hay demasiadas novedades sobre lo que podr\u00eda suceder en las pr\u00f3ximas horas, aunque se espera que el empresario brasilero d\u00e9 marcha atr\u00e1s con la decisi\u00f3n tomada. <\/p>\n<p>Fuente: San Pedro Informa <\/p>\n","protected":false},"excerpt":{"rendered":"<p>Tras varios d\u00edas de conflicto salarial con empleados, el propietario de la firma brasilera decidi\u00f3 poner fin a la actividad de la planta y envi\u00f3 telegramas de despido a todos los trabajadores, incluido el personal jer\u00e1rquico. Desde hace varios d\u00edas los trabajadores de la planta COPLAC manten\u00edan una medida de fuerza por un conflicto laboral [&hellip;]<\/p>\n","protected":false},"author":4,"featured_media":40219,"comment_status":"open","ping_status":"closed","sticky":false,"template":"","format":"standard","meta":{"om_disable_all_campaigns":false,"_jetpack_memberships_contains_paid_content":false,"footnotes":""},"categories":[2,103],"tags":[],"class_list":["post-40216","post","type-post","status-publish","format-standard","has-post-thumbnail","hentry","category-locales","category-policiales-locales"],"aioseo_notices":[],"gutentor_comment":0,"jetpack_featured_media_url":"https:\/\/eldiariodesanpedro.com.ar\/sitio\/wp-content\/uploads\/2018\/09\/El-corte-de-la-ruta.jpeg","jetpack_shortlink":"https:\/\/wp.me\/p6RhLt-asE","jetpack_sharing_enabled":true,"_links":{"self":[{"href":"https:\/\/eldiariodesanpedro.com.ar\/sitio\/wp-json\/wp\/v2\/posts\/40216","targetHints":{"allow":["GET"]}}],"collection":[{"href":"https:\/\/eldiariodesanpedro.com.ar\/sitio\/wp-json\/wp\/v2\/posts"}],"about":[{"href":"https:\/\/eldiariodesanpedro.com.ar\/sitio\/wp-json\/wp\/v2\/types\/post"}],"author":[{"embeddable":true,"href":"https:\/\/eldiariodesanpedro.com.ar\/sitio\/wp-json\/wp\/v2\/users\/4"}],"replies":[{"embeddable":true,"href":"https:\/\/eldiariodesanpedro.com.ar\/sitio\/wp-json\/wp\/v2\/comments?post=40216"}],"version-history":[{"count":2,"href":"https:\/\/eldiariodesanpedro.com.ar\/sitio\/wp-json\/wp\/v2\/posts\/40216\/revisions"}],"predecessor-version":[{"id":40222,"href":"https:\/\/eldiariodesanpedro.com.ar\/sitio\/wp-json\/wp\/v2\/posts\/40216\/revisions\/40222"}],"wp:featuredmedia":[{"embeddable":true,"href":"https:\/\/eldiariodesanpedro.com.ar\/sitio\/wp-json\/wp\/v2\/media\/40219"}],"wp:attachment":[{"href":"https:\/\/eldiariodesanpedro.com.ar\/sitio\/wp-json\/wp\/v2\/media?parent=40216"}],"wp:term":[{"taxonomy":"category","embeddable":true,"href":"https:\/\/eldiariodesanpedro.com.ar\/sitio\/wp-json\/wp\/v2\/categories?post=40216"},{"taxonomy":"post_tag","embeddable":true,"href":"https:\/\/eldiariodesanpedro.com.ar\/sitio\/wp-json\/wp\/v2\/tags?post=40216"}],"curies":[{"name":"wp","href":"https:\/\/api.w.org\/{rel}","templated":true}]}}