{"id":40215,"date":"2018-09-14T20:16:16","date_gmt":"2018-09-14T23:16:16","guid":{"rendered":"https:\/\/eldiariodesanpedro.com.ar\/sitio\/?p=40215"},"modified":"2018-09-14T20:16:16","modified_gmt":"2018-09-14T23:16:16","slug":"la-afa-sanciono-a-hugo-cejas-por-hablar","status":"publish","type":"post","link":"https:\/\/eldiariodesanpedro.com.ar\/sitio\/la-afa-sanciono-a-hugo-cejas-por-hablar\/","title":{"rendered":"La AFA sancion\u00f3 a Hugo Cejas \u201cpor hablar\u201d"},"content":{"rendered":"<p><!-- VideographyWP Plugin Message: Automatic video embedding prevented by plugin options. --><br \/>\nEl Presidente de la Liga Deportiva Sampedrina deber\u00e1 purgar una pena de un a\u00f1o de suspensi\u00f3n por referirse ante los medios sobre la venta de entradas al mundial en nombre de la entidad que preside.<\/p>\n<p>  En lugar de aclarar a las ligas involucradas y a la opini\u00f3n p\u00fablica en general porqu\u00e9 se utiliz\u00f3 el nombre de las entidades afiliadas a la AFA para vender entradas al Mundial de Rusia 2018, el Tribunal resolvi\u00f3 sancionar a los dirigentes que se refirieron al tema ante los medios de comunicaci\u00f3n.<br \/>\n  Tras la culminaci\u00f3n del Mundial, Hugo Cejas, Presidente de la Liga Deportiva Sampedrina, fue entrevistado por distintos medios luego de que un informe de Am\u00e9rica TV revelara que la entidad que preside aparec\u00eda entre quienes hab\u00edan vendido entradas para la Copa del Mundo 2018.<br \/>\n  La realidad es que en la Liga Deportiva Sampedrina jam\u00e1s se enteraron que desde la AFA se estaban vendiendo entradas a su nombre y menos a\u00fan recibi\u00f3 el dinero de esa operatoria. Pero a la vez, ni la AFA ni el Consejo Federal le aclararon a las Ligas del interior qu\u00e9 era lo que realmente hab\u00eda pasado cuando la venta de entradas efectivamente existi\u00f3.<br \/>\n  Ahora, para ponerse al tanto de lo que los dirigentes liguistas hab\u00edan expresado, la AFA y el Consejo Federal s\u00ed se acordaron de las entidades y abrieron un expediente que termin\u00f3 resolviendo sancionar a Hugo Cejas por un a\u00f1o de suspensi\u00f3n para desempe\u00f1arse como Presidente de la entidad que preside.<br \/>\n  Para el Tribunal de Penas de la AFA las manifestaciones de Cejas fueron consideradas \u201cdesde\u00f1osas\u201d y destacan algunas de las expresiones vertidas por el dirigente sampedrino en el aire de La Radio 92.3.<br \/>\n  \u201cYa le mand\u00e9 al presidente del Consejo Federal que me explique, por lo menos que me d\u00e9 una explicaci\u00f3n que fue lo que pas\u00f3, no s\u00e9 con qu\u00e9 fin, alg\u00fan fin econ\u00f3mico debe ser, se han sacado esas entradas y si no fue as\u00ed no nos gusta que usen el nombre sin saber ni siquiera para que lo usan\u2026\u201d, hab\u00eda dicho Cejas.<br \/>\n  \u201cA vos te parece que la Liga puede llegar a gastar 160.000 d\u00f3lares en entradas, supuestamente esto debe tener alg\u00fan fin econ\u00f3mico, me interesar\u00eda saber cu\u00e1l es el manejo\u2026\u201d.<br \/>\n  \u201cSupuestamente la AFA compro entradas que se llaman entradas de protocolo para ser utilizadas por dirigentes que te las cobran supuestamente yo creo que lo han hecho con ese fin tambi\u00e9n esperemos que lo hayan vendido al precio normal que no haya ido a parar a manos de la reventa y si fueron a parar a manos de la reventa es una fortuna lo que han recaudado\u2026\u201d, comentaba en su momento el dirigente sancionado.<br \/>\n  Por el mismo tema, el Tribunal de Penas tambi\u00e9n sancion\u00f3 con un a\u00f1o de suspensi\u00f3n al Presidente de la Liga de San Antonio de Areco Sergio Nu\u00f1ez, y amonest\u00f3 al Presidente de la Liga de Salto, Jorge Garavano y al dirigente Ram\u00f3n Mellano Presidente de la Liga Regional de F\u00fatbol.<\/p>\n<p>Fuente: San Pedro Informa<\/p>\n","protected":false},"excerpt":{"rendered":"<p>El Presidente de la Liga Deportiva Sampedrina deber\u00e1 purgar una pena de un a\u00f1o de suspensi\u00f3n por referirse ante los medios sobre la venta de entradas al mundial en nombre de la entidad que preside. En lugar de aclarar a las ligas involucradas y a la opini\u00f3n p\u00fablica en general porqu\u00e9 se utiliz\u00f3 el nombre [&hellip;]<\/p>\n","protected":false},"author":4,"featured_media":40217,"comment_status":"open","ping_status":"closed","sticky":false,"template":"","format":"standard","meta":{"om_disable_all_campaigns":false,"_jetpack_memberships_contains_paid_content":false,"footnotes":""},"categories":[101,2],"tags":[],"class_list":["post-40215","post","type-post","status-publish","format-standard","has-post-thumbnail","hentry","category-interes-general-locales","category-locales"],"aioseo_notices":[],"gutentor_comment":0,"jetpack_featured_media_url":"https:\/\/eldiariodesanpedro.com.ar\/sitio\/wp-content\/uploads\/2018\/09\/Hugo-Cejas.jpg","jetpack_shortlink":"https:\/\/wp.me\/p6RhLt-asD","jetpack_sharing_enabled":true,"_links":{"self":[{"href":"https:\/\/eldiariodesanpedro.com.ar\/sitio\/wp-json\/wp\/v2\/posts\/40215","targetHints":{"allow":["GET"]}}],"collection":[{"href":"https:\/\/eldiariodesanpedro.com.ar\/sitio\/wp-json\/wp\/v2\/posts"}],"about":[{"href":"https:\/\/eldiariodesanpedro.com.ar\/sitio\/wp-json\/wp\/v2\/types\/post"}],"author":[{"embeddable":true,"href":"https:\/\/eldiariodesanpedro.com.ar\/sitio\/wp-json\/wp\/v2\/users\/4"}],"replies":[{"embeddable":true,"href":"https:\/\/eldiariodesanpedro.com.ar\/sitio\/wp-json\/wp\/v2\/comments?post=40215"}],"version-history":[{"count":1,"href":"https:\/\/eldiariodesanpedro.com.ar\/sitio\/wp-json\/wp\/v2\/posts\/40215\/revisions"}],"predecessor-version":[{"id":40218,"href":"https:\/\/eldiariodesanpedro.com.ar\/sitio\/wp-json\/wp\/v2\/posts\/40215\/revisions\/40218"}],"wp:featuredmedia":[{"embeddable":true,"href":"https:\/\/eldiariodesanpedro.com.ar\/sitio\/wp-json\/wp\/v2\/media\/40217"}],"wp:attachment":[{"href":"https:\/\/eldiariodesanpedro.com.ar\/sitio\/wp-json\/wp\/v2\/media?parent=40215"}],"wp:term":[{"taxonomy":"category","embeddable":true,"href":"https:\/\/eldiariodesanpedro.com.ar\/sitio\/wp-json\/wp\/v2\/categories?post=40215"},{"taxonomy":"post_tag","embeddable":true,"href":"https:\/\/eldiariodesanpedro.com.ar\/sitio\/wp-json\/wp\/v2\/tags?post=40215"}],"curies":[{"name":"wp","href":"https:\/\/api.w.org\/{rel}","templated":true}]}}