{"id":40211,"date":"2018-09-14T12:16:34","date_gmt":"2018-09-14T15:16:34","guid":{"rendered":"https:\/\/eldiariodesanpedro.com.ar\/sitio\/?p=40211"},"modified":"2018-09-14T12:16:34","modified_gmt":"2018-09-14T15:16:34","slug":"arrecifes-empezo-la-construccion-de-la-nueva-sala-de-terapia-intensiva-del-hospital-de-arrecifes","status":"publish","type":"post","link":"https:\/\/eldiariodesanpedro.com.ar\/sitio\/arrecifes-empezo-la-construccion-de-la-nueva-sala-de-terapia-intensiva-del-hospital-de-arrecifes\/","title":{"rendered":"ARRECIFES: Empez\u00f3 la construcci\u00f3n de la nueva Sala de Terapia Intensiva del Hospital de Arrecifes"},"content":{"rendered":"<p><!-- VideographyWP Plugin Message: Automatic video embedding prevented by plugin options. --><br \/>\nEl pasado lunes, personal a cargo de la Secretar\u00eda de Obras y Servicios P\u00fablicos de la Municipalidad de Arrecifes comenz\u00f3 la demolici\u00f3n de la vieja sala de internaci\u00f3n de hombres del Hospital Municipal \u201cSanta Francisca\u201d, sector en el que se construir\u00e1 la nueva Unidad de Terapia Intensiva.<\/p>\n<p>La misma contar\u00e1 con cuatro camas equipadas con tecnolog\u00eda de alta complejidad y una sala de aislamiento, instalaciones que significar\u00e1n mejores condiciones y m\u00e1s comodidades tanto para pacientes como para el personal de salud.<\/p>\n<p>Fuente: Arrecifes Noticias<\/p>\n","protected":false},"excerpt":{"rendered":"<p>El pasado lunes, personal a cargo de la Secretar\u00eda de Obras y Servicios P\u00fablicos de la Municipalidad de Arrecifes comenz\u00f3 la demolici\u00f3n de la vieja sala de internaci\u00f3n de hombres del Hospital Municipal \u201cSanta Francisca\u201d, sector en el que se construir\u00e1 la nueva Unidad de Terapia Intensiva. La misma contar\u00e1 con cuatro camas equipadas con [&hellip;]<\/p>\n","protected":false},"author":4,"featured_media":40212,"comment_status":"open","ping_status":"closed","sticky":false,"template":"","format":"standard","meta":{"om_disable_all_campaigns":false,"_jetpack_memberships_contains_paid_content":false,"footnotes":""},"categories":[621],"tags":[],"class_list":["post-40211","post","type-post","status-publish","format-standard","has-post-thumbnail","hentry","category-regionales"],"aioseo_notices":[],"gutentor_comment":0,"jetpack_featured_media_url":"https:\/\/eldiariodesanpedro.com.ar\/sitio\/wp-content\/uploads\/2018\/09\/terapia-nueva.jpg","jetpack_shortlink":"https:\/\/wp.me\/p6RhLt-asz","jetpack_sharing_enabled":true,"_links":{"self":[{"href":"https:\/\/eldiariodesanpedro.com.ar\/sitio\/wp-json\/wp\/v2\/posts\/40211","targetHints":{"allow":["GET"]}}],"collection":[{"href":"https:\/\/eldiariodesanpedro.com.ar\/sitio\/wp-json\/wp\/v2\/posts"}],"about":[{"href":"https:\/\/eldiariodesanpedro.com.ar\/sitio\/wp-json\/wp\/v2\/types\/post"}],"author":[{"embeddable":true,"href":"https:\/\/eldiariodesanpedro.com.ar\/sitio\/wp-json\/wp\/v2\/users\/4"}],"replies":[{"embeddable":true,"href":"https:\/\/eldiariodesanpedro.com.ar\/sitio\/wp-json\/wp\/v2\/comments?post=40211"}],"version-history":[{"count":1,"href":"https:\/\/eldiariodesanpedro.com.ar\/sitio\/wp-json\/wp\/v2\/posts\/40211\/revisions"}],"predecessor-version":[{"id":40213,"href":"https:\/\/eldiariodesanpedro.com.ar\/sitio\/wp-json\/wp\/v2\/posts\/40211\/revisions\/40213"}],"wp:featuredmedia":[{"embeddable":true,"href":"https:\/\/eldiariodesanpedro.com.ar\/sitio\/wp-json\/wp\/v2\/media\/40212"}],"wp:attachment":[{"href":"https:\/\/eldiariodesanpedro.com.ar\/sitio\/wp-json\/wp\/v2\/media?parent=40211"}],"wp:term":[{"taxonomy":"category","embeddable":true,"href":"https:\/\/eldiariodesanpedro.com.ar\/sitio\/wp-json\/wp\/v2\/categories?post=40211"},{"taxonomy":"post_tag","embeddable":true,"href":"https:\/\/eldiariodesanpedro.com.ar\/sitio\/wp-json\/wp\/v2\/tags?post=40211"}],"curies":[{"name":"wp","href":"https:\/\/api.w.org\/{rel}","templated":true}]}}