{"id":40203,"date":"2018-09-14T10:14:52","date_gmt":"2018-09-14T13:14:52","guid":{"rendered":"https:\/\/eldiariodesanpedro.com.ar\/sitio\/?p=40203"},"modified":"2018-09-14T10:14:52","modified_gmt":"2018-09-14T13:14:52","slug":"un-nuevo-robo-en-zona-rural-mientras-su-moradores-no-se-ecnontraban","status":"publish","type":"post","link":"https:\/\/eldiariodesanpedro.com.ar\/sitio\/un-nuevo-robo-en-zona-rural-mientras-su-moradores-no-se-ecnontraban\/","title":{"rendered":"Un nuevo robo en zona rural mientras su moradores no se ecnontraban"},"content":{"rendered":"<p><!-- VideographyWP Plugin Message: Automatic video embedding prevented by plugin options. --><br \/>\nEste jueves en horas de la tarde se recibi\u00f3 la denuncia de un ciudadano de 58 a\u00f1os, quien tras ausentarse de su domicilio ubicado en Ruta 1001 km 10 de R\u00edo Tala, en horas de la ma\u00f1ana del jueves y regresar a la tarde constata que sujetos ignorados previo violentar puerta delantera ingresan y sustraen elementos varios.<\/p>\n","protected":false},"excerpt":{"rendered":"<p>Este jueves en horas de la tarde se recibi\u00f3 la denuncia de un ciudadano de 58 a\u00f1os, quien tras ausentarse de su domicilio ubicado en Ruta 1001 km 10 de R\u00edo Tala, en horas de la ma\u00f1ana del jueves y regresar a la tarde constata que sujetos ignorados previo violentar puerta delantera ingresan y sustraen [&hellip;]<\/p>\n","protected":false},"author":4,"featured_media":22505,"comment_status":"open","ping_status":"closed","sticky":false,"template":"","format":"standard","meta":{"om_disable_all_campaigns":false,"_jetpack_memberships_contains_paid_content":false,"footnotes":""},"categories":[2,103],"tags":[],"class_list":["post-40203","post","type-post","status-publish","format-standard","has-post-thumbnail","hentry","category-locales","category-policiales-locales"],"aioseo_notices":[],"gutentor_comment":0,"jetpack_featured_media_url":"https:\/\/eldiariodesanpedro.com.ar\/sitio\/wp-content\/uploads\/2017\/08\/camioneta-policia-zona-rural.jpg","jetpack_shortlink":"https:\/\/wp.me\/p6RhLt-asr","jetpack_sharing_enabled":true,"_links":{"self":[{"href":"https:\/\/eldiariodesanpedro.com.ar\/sitio\/wp-json\/wp\/v2\/posts\/40203","targetHints":{"allow":["GET"]}}],"collection":[{"href":"https:\/\/eldiariodesanpedro.com.ar\/sitio\/wp-json\/wp\/v2\/posts"}],"about":[{"href":"https:\/\/eldiariodesanpedro.com.ar\/sitio\/wp-json\/wp\/v2\/types\/post"}],"author":[{"embeddable":true,"href":"https:\/\/eldiariodesanpedro.com.ar\/sitio\/wp-json\/wp\/v2\/users\/4"}],"replies":[{"embeddable":true,"href":"https:\/\/eldiariodesanpedro.com.ar\/sitio\/wp-json\/wp\/v2\/comments?post=40203"}],"version-history":[{"count":1,"href":"https:\/\/eldiariodesanpedro.com.ar\/sitio\/wp-json\/wp\/v2\/posts\/40203\/revisions"}],"predecessor-version":[{"id":40204,"href":"https:\/\/eldiariodesanpedro.com.ar\/sitio\/wp-json\/wp\/v2\/posts\/40203\/revisions\/40204"}],"wp:featuredmedia":[{"embeddable":true,"href":"https:\/\/eldiariodesanpedro.com.ar\/sitio\/wp-json\/wp\/v2\/media\/22505"}],"wp:attachment":[{"href":"https:\/\/eldiariodesanpedro.com.ar\/sitio\/wp-json\/wp\/v2\/media?parent=40203"}],"wp:term":[{"taxonomy":"category","embeddable":true,"href":"https:\/\/eldiariodesanpedro.com.ar\/sitio\/wp-json\/wp\/v2\/categories?post=40203"},{"taxonomy":"post_tag","embeddable":true,"href":"https:\/\/eldiariodesanpedro.com.ar\/sitio\/wp-json\/wp\/v2\/tags?post=40203"}],"curies":[{"name":"wp","href":"https:\/\/api.w.org\/{rel}","templated":true}]}}