{"id":40201,"date":"2018-09-14T10:06:56","date_gmt":"2018-09-14T13:06:56","guid":{"rendered":"https:\/\/eldiariodesanpedro.com.ar\/sitio\/?p=40201"},"modified":"2018-09-14T10:06:56","modified_gmt":"2018-09-14T13:06:56","slug":"varios-hechos-por-amenazas-denunciados","status":"publish","type":"post","link":"https:\/\/eldiariodesanpedro.com.ar\/sitio\/varios-hechos-por-amenazas-denunciados\/","title":{"rendered":"Varios hechos por amenazas denunciados"},"content":{"rendered":"<p><!-- VideographyWP Plugin Message: Automatic video embedding prevented by plugin options. --><br \/>\nEn la jornada del jueves se recibieron dos denuncias por amenazas en la comisaria de nuestra ciudad.<\/p>\n<p>Este jueves alrededor de las 11 hs, se recibi\u00f3 la denuncia en la comisaria local de una ciudadana de 37 a\u00f1os, quien declara que en momentos en que circulaba a pie por calle Fray del Pozo al 2000, recibe amenazas verbales por parte de femenina vecina del barrio por problemas de larga data.<\/p>\n<p>Tambi\u00e9n en el mismo d\u00eda alrededor de las 12 hs, un ciudadano de 67 a\u00f1os se presento en la comisaria local denunciando que en momentos se encontraba en un taller mec\u00e1nico ubicado en calle Estrada al 100, se le acerca un masculino y le refiere amenazas de muerte, desconociendo los motivos.<\/p>\n<p>En ambos casos son investigados por la fiscal\u00eda en turno de San Pedro<\/p>\n","protected":false},"excerpt":{"rendered":"<p>En la jornada del jueves se recibieron dos denuncias por amenazas en la comisaria de nuestra ciudad. Este jueves alrededor de las 11 hs, se recibi\u00f3 la denuncia en la comisaria local de una ciudadana de 37 a\u00f1os, quien declara que en momentos en que circulaba a pie por calle Fray del Pozo al 2000, [&hellip;]<\/p>\n","protected":false},"author":4,"featured_media":16982,"comment_status":"open","ping_status":"closed","sticky":false,"template":"","format":"standard","meta":{"om_disable_all_campaigns":false,"_jetpack_memberships_contains_paid_content":false,"footnotes":""},"categories":[2,103],"tags":[],"class_list":["post-40201","post","type-post","status-publish","format-standard","has-post-thumbnail","hentry","category-locales","category-policiales-locales"],"aioseo_notices":[],"gutentor_comment":0,"jetpack_featured_media_url":"https:\/\/eldiariodesanpedro.com.ar\/sitio\/wp-content\/uploads\/2017\/04\/DSC_0215-e1492514874414.jpg","jetpack_shortlink":"https:\/\/wp.me\/p6RhLt-asp","jetpack_sharing_enabled":true,"_links":{"self":[{"href":"https:\/\/eldiariodesanpedro.com.ar\/sitio\/wp-json\/wp\/v2\/posts\/40201","targetHints":{"allow":["GET"]}}],"collection":[{"href":"https:\/\/eldiariodesanpedro.com.ar\/sitio\/wp-json\/wp\/v2\/posts"}],"about":[{"href":"https:\/\/eldiariodesanpedro.com.ar\/sitio\/wp-json\/wp\/v2\/types\/post"}],"author":[{"embeddable":true,"href":"https:\/\/eldiariodesanpedro.com.ar\/sitio\/wp-json\/wp\/v2\/users\/4"}],"replies":[{"embeddable":true,"href":"https:\/\/eldiariodesanpedro.com.ar\/sitio\/wp-json\/wp\/v2\/comments?post=40201"}],"version-history":[{"count":1,"href":"https:\/\/eldiariodesanpedro.com.ar\/sitio\/wp-json\/wp\/v2\/posts\/40201\/revisions"}],"predecessor-version":[{"id":40202,"href":"https:\/\/eldiariodesanpedro.com.ar\/sitio\/wp-json\/wp\/v2\/posts\/40201\/revisions\/40202"}],"wp:featuredmedia":[{"embeddable":true,"href":"https:\/\/eldiariodesanpedro.com.ar\/sitio\/wp-json\/wp\/v2\/media\/16982"}],"wp:attachment":[{"href":"https:\/\/eldiariodesanpedro.com.ar\/sitio\/wp-json\/wp\/v2\/media?parent=40201"}],"wp:term":[{"taxonomy":"category","embeddable":true,"href":"https:\/\/eldiariodesanpedro.com.ar\/sitio\/wp-json\/wp\/v2\/categories?post=40201"},{"taxonomy":"post_tag","embeddable":true,"href":"https:\/\/eldiariodesanpedro.com.ar\/sitio\/wp-json\/wp\/v2\/tags?post=40201"}],"curies":[{"name":"wp","href":"https:\/\/api.w.org\/{rel}","templated":true}]}}