{"id":40197,"date":"2018-09-14T09:40:34","date_gmt":"2018-09-14T12:40:34","guid":{"rendered":"https:\/\/eldiariodesanpedro.com.ar\/sitio\/?p=40197"},"modified":"2018-09-14T09:40:34","modified_gmt":"2018-09-14T12:40:34","slug":"tres-aprehendidos-en-allanamientos-realizados","status":"publish","type":"post","link":"https:\/\/eldiariodesanpedro.com.ar\/sitio\/tres-aprehendidos-en-allanamientos-realizados\/","title":{"rendered":"Tres aprehendidos en allanamientos realizados"},"content":{"rendered":"<p><!-- VideographyWP Plugin Message: Automatic video embedding prevented by plugin options. --><br \/>\nEl personal de Investigaci\u00f3n, Polic\u00eda Rural, Polic\u00eda Local y el Grupo de Apoyo Departamental realizo dos allanamiento tras un hecho de tentativa de robo ocurrido el pasado mi\u00e9rcoles en horas de la madrugada y se aprehendieron a 2 personas por tenencia ilegal de arma de fuego.<\/p>\n<p>Este jueves pasadas las 22:30 hs el personal de Gabinete de Prevenci\u00f3n de la comisar\u00eda local en amplio operativo llevado a cabo con el personal de Investigaci\u00f3n, Polic\u00eda Rural, Polic\u00eda Local y el Grupo de Apoyo Departamental llevaron a cabo dos diligencias de allanamiento.<\/p>\n<p>En el marco de un hecho de tentativa de robo acaecido en la madrugada del d\u00eda mi\u00e9rcoles en el domicilio ubicado en Manuel Iglesias al 400, donde el morador un ciudadano de 35 a\u00f1os sorprende a dos delincuentes en el interior de su vivienda, quienes violentan puerta de ingreso, uno de ellos portando arma blanca.<\/p>\n<p>Los allanamientos se realizaron en dos domicilios, el primer objetivo en calle Liniers proceden a la aprehensi\u00f3n de del morador de 26 a\u00f1os, a quien se le incauta del interior de la finca un arma de fuego y varios tel\u00e9fonos celulares. En otro objetivo sobre la misma calle Liniers se logra la aprehensi\u00f3n de morador de 59 a\u00f1os, a quien se le incauta varios tel\u00e9fonos celulares arma blanca y elementos de inter\u00e9s para la investigaci\u00f3n que lleva a cabo la fiscal\u00eda en turno de San Pedro.<\/p>\n<p>Durante de la diligencia y en el per\u00edmetro policial, se aprehendi\u00f3 a un joven de 17 a\u00f1os que arrojaba piedras sobre los efectivos policiales, entorpeciendo la labor. Fue puesto a disposici\u00f3n de la fiscal\u00eda juvenil en turno de San Nicol\u00e1s  <\/p>\n","protected":false},"excerpt":{"rendered":"<p>El personal de Investigaci\u00f3n, Polic\u00eda Rural, Polic\u00eda Local y el Grupo de Apoyo Departamental realizo dos allanamiento tras un hecho de tentativa de robo ocurrido el pasado mi\u00e9rcoles en horas de la madrugada y se aprehendieron a 2 personas por tenencia ilegal de arma de fuego. Este jueves pasadas las 22:30 hs el personal de [&hellip;]<\/p>\n","protected":false},"author":4,"featured_media":35252,"comment_status":"open","ping_status":"closed","sticky":false,"template":"","format":"standard","meta":{"om_disable_all_campaigns":false,"_jetpack_memberships_contains_paid_content":false,"footnotes":""},"categories":[50,2,103],"tags":[],"class_list":["post-40197","post","type-post","status-publish","format-standard","has-post-thumbnail","hentry","category-destacadas","category-locales","category-policiales-locales"],"aioseo_notices":[],"gutentor_comment":0,"jetpack_featured_media_url":"https:\/\/eldiariodesanpedro.com.ar\/sitio\/wp-content\/uploads\/2018\/06\/Allanamientos-realizados.jpeg","jetpack_shortlink":"https:\/\/wp.me\/p6RhLt-asl","jetpack_sharing_enabled":true,"_links":{"self":[{"href":"https:\/\/eldiariodesanpedro.com.ar\/sitio\/wp-json\/wp\/v2\/posts\/40197","targetHints":{"allow":["GET"]}}],"collection":[{"href":"https:\/\/eldiariodesanpedro.com.ar\/sitio\/wp-json\/wp\/v2\/posts"}],"about":[{"href":"https:\/\/eldiariodesanpedro.com.ar\/sitio\/wp-json\/wp\/v2\/types\/post"}],"author":[{"embeddable":true,"href":"https:\/\/eldiariodesanpedro.com.ar\/sitio\/wp-json\/wp\/v2\/users\/4"}],"replies":[{"embeddable":true,"href":"https:\/\/eldiariodesanpedro.com.ar\/sitio\/wp-json\/wp\/v2\/comments?post=40197"}],"version-history":[{"count":1,"href":"https:\/\/eldiariodesanpedro.com.ar\/sitio\/wp-json\/wp\/v2\/posts\/40197\/revisions"}],"predecessor-version":[{"id":40198,"href":"https:\/\/eldiariodesanpedro.com.ar\/sitio\/wp-json\/wp\/v2\/posts\/40197\/revisions\/40198"}],"wp:featuredmedia":[{"embeddable":true,"href":"https:\/\/eldiariodesanpedro.com.ar\/sitio\/wp-json\/wp\/v2\/media\/35252"}],"wp:attachment":[{"href":"https:\/\/eldiariodesanpedro.com.ar\/sitio\/wp-json\/wp\/v2\/media?parent=40197"}],"wp:term":[{"taxonomy":"category","embeddable":true,"href":"https:\/\/eldiariodesanpedro.com.ar\/sitio\/wp-json\/wp\/v2\/categories?post=40197"},{"taxonomy":"post_tag","embeddable":true,"href":"https:\/\/eldiariodesanpedro.com.ar\/sitio\/wp-json\/wp\/v2\/tags?post=40197"}],"curies":[{"name":"wp","href":"https:\/\/api.w.org\/{rel}","templated":true}]}}