{"id":40194,"date":"2018-09-14T09:16:18","date_gmt":"2018-09-14T12:16:18","guid":{"rendered":"https:\/\/eldiariodesanpedro.com.ar\/sitio\/?p=40194"},"modified":"2018-09-14T09:16:18","modified_gmt":"2018-09-14T12:16:18","slug":"ccti-jamas-tuvimos-que-ver-con-el-cierre-de-la-cancha-ni-la-eliminacion-del-deporte","status":"publish","type":"post","link":"https:\/\/eldiariodesanpedro.com.ar\/sitio\/ccti-jamas-tuvimos-que-ver-con-el-cierre-de-la-cancha-ni-la-eliminacion-del-deporte\/","title":{"rendered":"CCTI: \u00abJamas tuvimos que ver con el cierre de la cancha ni la eliminaci\u00f3n del deporte\u00bb"},"content":{"rendered":"<p><!-- VideographyWP Plugin Message: Automatic video embedding prevented by plugin options. --><br \/>\nLa Comisi\u00f3n Directiva del Centro de Comercio, Industria y Turismo informa a la opini\u00f3n p\u00fablica en general y a sus asociados en particular,  que con fecha 31 de agosto del corriente a\u00f1o, se produjo el vencimiento del Contrato de Alquiler oportunamente, mediante el cual  se instrument\u00f3 la locaci\u00f3n  de una parte de nuestras instalaciones, para la pr\u00e1ctica del deporte de Pelota a Paleta.  Antes de la conclusi\u00f3n del contrato, notificamos al inquilino sobre el vencimiento, su posible renovaci\u00f3n y continuidad de las pr\u00e1cticas deportivas, sin que esto afecte la situaci\u00f3n econ\u00f3mica de nuestra Entidad. En tal sentido, se efectuaron reuniones encaminadas al logro de tal objetivo.<\/p>\n<p>Como C\u00e1mara Gremial Empresaria abocada al acompa\u00f1amiento del sector comercial, industrial y tur\u00edstico, nuestra entidad en sus ya casi ochenta y cinco a\u00f1os de existencia,  ha contribuido al desarrollo de la cultura y el deporte \u2013 entre otras actividades complementarias de significaci\u00f3n \u2013 conforme a lo previsto en su Estatuto. <\/p>\n<p>Las actuales condiciones socio-econ\u00f3micas del pa\u00eds, no permiten hacerlo con similar holgura, no obstante lo cual, continuamos desarrollando los mismos objetivos.   Como ocurre en la administraci\u00f3n de cualquier entidad sostenida por una masa societaria, es imposible financiar este tipo de actividades sin el compromiso y la responsabilidad total de aquellos que las practican.<\/p>\n<p>Ante el planteo de la actualizaci\u00f3n de valores para seguir alquilando ese espacio de nuestro edificio y siempre con el objetivo de propender a que eso suceda, la Comisi\u00f3n Directiva expuso ante los pelotaris sampedrinos la situaci\u00f3n que JAMAS TUVO QUE VER CON EL CIERRE DE LA CANCHA NI LA ELIMINACION DEL DEPORTE. <\/p>\n<p>Cabe destacar adem\u00e1s que no se trata de una actividad que hoy disponga de una escuela que incremente el inter\u00e9s de los m\u00e1s j\u00f3venes,  o que se encuentre promocionando este juego, m\u00e1s all\u00e1 de la recreaci\u00f3n de muy pocos cultores de la disciplina. <\/p>\n<p>La Comisi\u00f3n Directiva del Centro de Comercio NO ESTA EN CONTRA DE NING\u00daN DEPORTE, NI MUCHO MENOS DE LA PELOTA A PALETA. S\u00f3lo les ha transmitido a los responsables que, con pasi\u00f3n y alegr\u00eda tienen la posibilidad de practicar este deporte,   que asuman la responsabilidad  de la renovaci\u00f3n del Contrato, conforme al valor acorde a las tasaciones oportunamente solicitadas por este Centro,  a distintas inmobiliarias de la ciudad. <\/p>\n<p>A tales fines, quienes han movilizado a diferentes sectores de la comunidad en una campa\u00f1a en la que no queda totalmente clara la situaci\u00f3n,  deber\u00edan enfocar sus esfuerzos en la generaci\u00f3n de recursos que les permitan solventar el alquiler  y promocionar el deporte de su afici\u00f3n.  Nuestro Centro est\u00e1 en condiciones de ofrecerles la utilizaci\u00f3n de sus instalaciones,  para la realizaci\u00f3n de eventos que ayuden en tal sentido.<\/p>\n<p>Finalmente invitamos a los socios, medios, periodistas, entidades, asociaciones y todos aquellos que tengan dudas o propuestas para compartir,  a que se acerquen para recibir la informaci\u00f3n que consideramos esencial, para poder opinar y\/o juzgar las decisiones que hoy se encuentran sometidas al an\u00e1lisis de la opini\u00f3n p\u00fablica. <\/p>\n<p>Tal vez de ese modo,  tambi\u00e9n se active una energ\u00eda similar para sumarse a trabajar desde adentro de una instituci\u00f3n como la nuestra que, como otras tantas, requiere de la participaci\u00f3n de los asociados,  para mantenerse y cumplir con su finalidad.<\/p>\n","protected":false},"excerpt":{"rendered":"<p>La Comisi\u00f3n Directiva del Centro de Comercio, Industria y Turismo informa a la opini\u00f3n p\u00fablica en general y a sus asociados en particular, que con fecha 31 de agosto del corriente a\u00f1o, se produjo el vencimiento del Contrato de Alquiler oportunamente, mediante el cual se instrument\u00f3 la locaci\u00f3n de una parte de nuestras instalaciones, para [&hellip;]<\/p>\n","protected":false},"author":4,"featured_media":40195,"comment_status":"open","ping_status":"closed","sticky":false,"template":"","format":"standard","meta":{"om_disable_all_campaigns":false,"_jetpack_memberships_contains_paid_content":false,"footnotes":""},"categories":[50,101,2],"tags":[],"class_list":["post-40194","post","type-post","status-publish","format-standard","has-post-thumbnail","hentry","category-destacadas","category-interes-general-locales","category-locales"],"aioseo_notices":[],"gutentor_comment":0,"jetpack_featured_media_url":"https:\/\/eldiariodesanpedro.com.ar\/sitio\/wp-content\/uploads\/2018\/09\/mayo.jpg","jetpack_shortlink":"https:\/\/wp.me\/p6RhLt-asi","jetpack_sharing_enabled":true,"_links":{"self":[{"href":"https:\/\/eldiariodesanpedro.com.ar\/sitio\/wp-json\/wp\/v2\/posts\/40194","targetHints":{"allow":["GET"]}}],"collection":[{"href":"https:\/\/eldiariodesanpedro.com.ar\/sitio\/wp-json\/wp\/v2\/posts"}],"about":[{"href":"https:\/\/eldiariodesanpedro.com.ar\/sitio\/wp-json\/wp\/v2\/types\/post"}],"author":[{"embeddable":true,"href":"https:\/\/eldiariodesanpedro.com.ar\/sitio\/wp-json\/wp\/v2\/users\/4"}],"replies":[{"embeddable":true,"href":"https:\/\/eldiariodesanpedro.com.ar\/sitio\/wp-json\/wp\/v2\/comments?post=40194"}],"version-history":[{"count":1,"href":"https:\/\/eldiariodesanpedro.com.ar\/sitio\/wp-json\/wp\/v2\/posts\/40194\/revisions"}],"predecessor-version":[{"id":40196,"href":"https:\/\/eldiariodesanpedro.com.ar\/sitio\/wp-json\/wp\/v2\/posts\/40194\/revisions\/40196"}],"wp:featuredmedia":[{"embeddable":true,"href":"https:\/\/eldiariodesanpedro.com.ar\/sitio\/wp-json\/wp\/v2\/media\/40195"}],"wp:attachment":[{"href":"https:\/\/eldiariodesanpedro.com.ar\/sitio\/wp-json\/wp\/v2\/media?parent=40194"}],"wp:term":[{"taxonomy":"category","embeddable":true,"href":"https:\/\/eldiariodesanpedro.com.ar\/sitio\/wp-json\/wp\/v2\/categories?post=40194"},{"taxonomy":"post_tag","embeddable":true,"href":"https:\/\/eldiariodesanpedro.com.ar\/sitio\/wp-json\/wp\/v2\/tags?post=40194"}],"curies":[{"name":"wp","href":"https:\/\/api.w.org\/{rel}","templated":true}]}}