{"id":40189,"date":"2018-09-13T20:50:59","date_gmt":"2018-09-13T23:50:59","guid":{"rendered":"https:\/\/eldiariodesanpedro.com.ar\/sitio\/?p=40189"},"modified":"2026-01-24T00:10:54","modified_gmt":"2026-01-24T03:10:54","slug":"canotaje-gonzalo-carreras-ya-compite-en-canada","status":"publish","type":"post","link":"https:\/\/eldiariodesanpedro.com.ar\/sitio\/canotaje-gonzalo-carreras-ya-compite-en-canada\/","title":{"rendered":"CANOTAJE: Gonzalo Carreras ya compite en Canad\u00e1"},"content":{"rendered":"<p><!-- VideographyWP Plugin Message: Automatic video embedding prevented by plugin options. --><br \/>\nEl palista del Club N\u00e1utico San Pedro Gonzalo Carreras est\u00e1 en Canad\u00e1 participando hasta el domingo del Campeonato Panamericano de Velocidad que se corre en Darmouth. <\/p>\n<p>  Lo har\u00e1 en un K4 500 remando en aguas del lago Banook y buscando la clasificaci\u00f3n que esta competencia otorga para los Panamericanos de Per\u00fa del a\u00f1o pr\u00f3ximo. <\/p>\n","protected":false},"excerpt":{"rendered":"<p>El palista del Club N\u00e1utico San Pedro Gonzalo Carreras est\u00e1 en Canad\u00e1 participando hasta el domingo del Campeonato Panamericano de Velocidad que se corre en Darmouth. Lo har\u00e1 en un K4 500 remando en aguas del lago Banook y buscando la clasificaci\u00f3n que esta competencia otorga para los Panamericanos de Per\u00fa del a\u00f1o pr\u00f3ximo.<\/p>\n","protected":false},"author":4,"featured_media":40192,"comment_status":"open","ping_status":"closed","sticky":false,"template":"","format":"standard","meta":{"om_disable_all_campaigns":false,"_jetpack_memberships_contains_paid_content":false,"footnotes":""},"categories":[5],"tags":[],"class_list":["post-40189","post","type-post","status-publish","format-standard","has-post-thumbnail","hentry","category-deportes"],"aioseo_notices":[],"gutentor_comment":0,"jetpack_featured_media_url":"https:\/\/eldiariodesanpedro.com.ar\/sitio\/wp-content\/uploads\/2018\/09\/gonzalo-carreras-palista.jpg","jetpack_shortlink":"https:\/\/wp.me\/p6RhLt-asd","jetpack_sharing_enabled":true,"_links":{"self":[{"href":"https:\/\/eldiariodesanpedro.com.ar\/sitio\/wp-json\/wp\/v2\/posts\/40189","targetHints":{"allow":["GET"]}}],"collection":[{"href":"https:\/\/eldiariodesanpedro.com.ar\/sitio\/wp-json\/wp\/v2\/posts"}],"about":[{"href":"https:\/\/eldiariodesanpedro.com.ar\/sitio\/wp-json\/wp\/v2\/types\/post"}],"author":[{"embeddable":true,"href":"https:\/\/eldiariodesanpedro.com.ar\/sitio\/wp-json\/wp\/v2\/users\/4"}],"replies":[{"embeddable":true,"href":"https:\/\/eldiariodesanpedro.com.ar\/sitio\/wp-json\/wp\/v2\/comments?post=40189"}],"version-history":[{"count":1,"href":"https:\/\/eldiariodesanpedro.com.ar\/sitio\/wp-json\/wp\/v2\/posts\/40189\/revisions"}],"predecessor-version":[{"id":40191,"href":"https:\/\/eldiariodesanpedro.com.ar\/sitio\/wp-json\/wp\/v2\/posts\/40189\/revisions\/40191"}],"wp:featuredmedia":[{"embeddable":true,"href":"https:\/\/eldiariodesanpedro.com.ar\/sitio\/wp-json\/wp\/v2\/media\/40192"}],"wp:attachment":[{"href":"https:\/\/eldiariodesanpedro.com.ar\/sitio\/wp-json\/wp\/v2\/media?parent=40189"}],"wp:term":[{"taxonomy":"category","embeddable":true,"href":"https:\/\/eldiariodesanpedro.com.ar\/sitio\/wp-json\/wp\/v2\/categories?post=40189"},{"taxonomy":"post_tag","embeddable":true,"href":"https:\/\/eldiariodesanpedro.com.ar\/sitio\/wp-json\/wp\/v2\/tags?post=40189"}],"curies":[{"name":"wp","href":"https:\/\/api.w.org\/{rel}","templated":true}]}}