{"id":40183,"date":"2018-09-13T20:43:24","date_gmt":"2018-09-13T23:43:24","guid":{"rendered":"https:\/\/eldiariodesanpedro.com.ar\/sitio\/?p=40183"},"modified":"2026-01-24T00:10:54","modified_gmt":"2026-01-24T03:10:54","slug":"liga-deportiva-sampedrina-tratar-de-defender-a-la-liga-le-costo-un-ano-de-sancion-al-presidente-hugo-cejas","status":"publish","type":"post","link":"https:\/\/eldiariodesanpedro.com.ar\/sitio\/liga-deportiva-sampedrina-tratar-de-defender-a-la-liga-le-costo-un-ano-de-sancion-al-presidente-hugo-cejas\/","title":{"rendered":"LIGA DEPORTIVA SAMPEDRINA: Tratar de defender a la Liga le cost\u00f3 un a\u00f1o de sanci\u00f3n al Presidente Hugo Cejas"},"content":{"rendered":"<p><!-- VideographyWP Plugin Message: Automatic video embedding prevented by plugin options. --><br \/>\n  La Liga Deportiva Sampedrina a trav\u00e9s de su p\u00e1gina oficial dio a conocer que el Presidente Hugo Cejas fue sancionado por AFA a ra\u00edz declaraciones realizadas a distintos medios por la \u00abventa de entradas en el Mundial\u00bb y a ra\u00edz de notas period\u00edsticas involucraba a varias ligas del interior del pa\u00eds, entre ellas la sampedrina.<br \/>\n  El tema fue tapa durante varios d\u00edas y Cejas entrevistado por la prensa deslind\u00f3 responsabilidad de la liga en un tema que desconoc\u00eda y se hab\u00eda enterado por una nota de \u00abAm\u00e9rica 24\u00bb.<\/p>\n<p>  El comunicado de la liga expresa lo siguiente:<\/p>\n<p><em>\u201cAndr\u00e9s S\u00e1nchez ser\u00e1 el Presidente Interino<br \/>\n  El Tribunal de Disciplina de AFA sancion\u00f3 al presidente de la Liga Deportiva Sampedrina con un a\u00f1o para ejercer el cargo ante esa entidad luego de las declaraciones realizadas medios locales y nacionales por el tema \u00abTickets en el Mundial de F\u00fatbol\u00bb.<br \/>\n  La informaci\u00f3n que sali\u00f3 a trav\u00e9s de un medio nacional, involucrada a ligas del interior, entre ellas la sampedrina, a ra\u00edz de esa publicaci\u00f3n fue entrevistado por diferentes medios, a los cuales explic\u00f3 que la liga no ten\u00eda ninguna vinculaci\u00f3n con esos tickets que se anunciaban, desconociendo que pod\u00eda haber pasado y para lo cual busc\u00f3 alguna explicaci\u00f3n, obteniendo a cambio un comunicado de parte de dirigentes del Consejo Federal.<br \/>\n  El Tribunal luego de recabar informaci\u00f3n period\u00edstica, encontr\u00f3 que de las frases era pasible a sanci\u00f3n, abriendo un expediente y ya obrando en su poder todos los elementos de juicio termina sancionando a Hugo Cejas y otros presidentes de ligas con un a\u00f1o para ejercer el puesto ante esa entidad o lo que est\u00e9 relacionado con el f\u00fatbol. Tiene el derecho a apelar la resoluci\u00f3n.<br \/>\n  En consecuencia, se oficializar\u00e1 en la pr\u00f3xima sesi\u00f3n que Andr\u00e9s S\u00e1nchez, actual vicepresidente de la liga, tal determina el estatuto, ser\u00e1 quien ocupe el cargo hasta la pr\u00f3xima asamblea\u201d.<\/em><\/p>\n","protected":false},"excerpt":{"rendered":"<p>La Liga Deportiva Sampedrina a trav\u00e9s de su p\u00e1gina oficial dio a conocer que el Presidente Hugo Cejas fue sancionado por AFA a ra\u00edz declaraciones realizadas a distintos medios por la \u00abventa de entradas en el Mundial\u00bb y a ra\u00edz de notas period\u00edsticas involucraba a varias ligas del interior del pa\u00eds, entre ellas la sampedrina. [&hellip;]<\/p>\n","protected":false},"author":4,"featured_media":40186,"comment_status":"open","ping_status":"closed","sticky":false,"template":"","format":"standard","meta":{"om_disable_all_campaigns":false,"_jetpack_memberships_contains_paid_content":false,"footnotes":""},"categories":[5],"tags":[],"class_list":["post-40183","post","type-post","status-publish","format-standard","has-post-thumbnail","hentry","category-deportes"],"aioseo_notices":[],"gutentor_comment":0,"jetpack_featured_media_url":"https:\/\/eldiariodesanpedro.com.ar\/sitio\/wp-content\/uploads\/2018\/09\/Hugo-Cejas-deber\u00e1-dejar-el-cargo-de-manera-oficial.jpg","jetpack_shortlink":"https:\/\/wp.me\/p6RhLt-as7","jetpack_sharing_enabled":true,"_links":{"self":[{"href":"https:\/\/eldiariodesanpedro.com.ar\/sitio\/wp-json\/wp\/v2\/posts\/40183","targetHints":{"allow":["GET"]}}],"collection":[{"href":"https:\/\/eldiariodesanpedro.com.ar\/sitio\/wp-json\/wp\/v2\/posts"}],"about":[{"href":"https:\/\/eldiariodesanpedro.com.ar\/sitio\/wp-json\/wp\/v2\/types\/post"}],"author":[{"embeddable":true,"href":"https:\/\/eldiariodesanpedro.com.ar\/sitio\/wp-json\/wp\/v2\/users\/4"}],"replies":[{"embeddable":true,"href":"https:\/\/eldiariodesanpedro.com.ar\/sitio\/wp-json\/wp\/v2\/comments?post=40183"}],"version-history":[{"count":1,"href":"https:\/\/eldiariodesanpedro.com.ar\/sitio\/wp-json\/wp\/v2\/posts\/40183\/revisions"}],"predecessor-version":[{"id":40188,"href":"https:\/\/eldiariodesanpedro.com.ar\/sitio\/wp-json\/wp\/v2\/posts\/40183\/revisions\/40188"}],"wp:featuredmedia":[{"embeddable":true,"href":"https:\/\/eldiariodesanpedro.com.ar\/sitio\/wp-json\/wp\/v2\/media\/40186"}],"wp:attachment":[{"href":"https:\/\/eldiariodesanpedro.com.ar\/sitio\/wp-json\/wp\/v2\/media?parent=40183"}],"wp:term":[{"taxonomy":"category","embeddable":true,"href":"https:\/\/eldiariodesanpedro.com.ar\/sitio\/wp-json\/wp\/v2\/categories?post=40183"},{"taxonomy":"post_tag","embeddable":true,"href":"https:\/\/eldiariodesanpedro.com.ar\/sitio\/wp-json\/wp\/v2\/tags?post=40183"}],"curies":[{"name":"wp","href":"https:\/\/api.w.org\/{rel}","templated":true}]}}