{"id":40182,"date":"2018-09-13T20:42:51","date_gmt":"2018-09-13T23:42:51","guid":{"rendered":"https:\/\/eldiariodesanpedro.com.ar\/sitio\/?p=40182"},"modified":"2026-01-24T00:10:54","modified_gmt":"2026-01-24T03:10:54","slug":"nacional-sub-15-san-pedro-igualo-en-arrecifes-y-ahora-debera-ganar-en-sada-para-clasificar","status":"publish","type":"post","link":"https:\/\/eldiariodesanpedro.com.ar\/sitio\/nacional-sub-15-san-pedro-igualo-en-arrecifes-y-ahora-debera-ganar-en-sada-para-clasificar\/","title":{"rendered":"NACIONAL SUB 15: San Pedro igual\u00f3 en Arrecifes y ahora deber\u00e1 ganar en SADA para clasificar"},"content":{"rendered":"<p><!-- VideographyWP Plugin Message: Automatic video embedding prevented by plugin options. --><br \/>\n  En la quinta fecha del Torneo Nacional de F\u00fatbol Sub 15 que organiza el Consejo Federal y coordina en su primera etapa Federaci\u00f3n Norte de F\u00fatbol, San Pedro empat\u00f3 en Arrecifes sin goles, mientras que Baradero cay\u00f3 en San Nicol\u00e1s.<br \/>\n  Sumar fue negocio, aunque el triunfo le daba mayores chances, m\u00e1s teniendo en cuenta que Pergamino derrot\u00f3 a San Antonio de Areco 2 a 0 y tambi\u00e9n se prende en la lucha por seguir en el certamen en la pr\u00f3xima ronda.<br \/>\n  Aunque la igualdad le permite llegar a nuestro selectivo con chances propias, claro est\u00e1 ganando en SADA, rival con el que cay\u00f3 por la m\u00ednima diferencia en el \u00abcoloso\u00bb en la primera rueda. Pergamino no depende de nadie, con s\u00f3lo ganar clasifica.<br \/>\n  La definici\u00f3n en caso de igualdad en puntos se define por partido entre s\u00ed y, en caso de igualdad mayor diferencia de gol, goles a favor, goles como visitante (siempre entre s\u00ed), de continuar igualados se pasa a la tabla general donde, nuevamente, es diferencia de goles, goles a favor, goles como visitante, menor cantidad de expulsados.<br \/>\n  San Pedro form\u00f3 con: Azimonti, Tod\u00f3n, Vulcano, Abrahan, Novaro, B. Zarate, Saucedo, Giolito, Palavecino, Vaquero y Zapata. Relevos: A. Biain, B. D\u00edaz, Molina, Cabrera, Parra, Astorga y Piquioni.<\/p>\n<p><img decoding=\"async\" data-attachment-id=\"40184\" data-permalink=\"https:\/\/eldiariodesanpedro.com.ar\/sitio\/nacional-sub-15-san-pedro-igualo-en-arrecifes-y-ahora-debera-ganar-en-sada-para-clasificar\/info-14-09-18-puntos\/\" data-orig-file=\"https:\/\/eldiariodesanpedro.com.ar\/sitio\/wp-content\/uploads\/2018\/09\/Info-14-09-18-puntos.jpg\" data-orig-size=\"2058,413\" data-comments-opened=\"1\" data-image-meta=\"{&quot;aperture&quot;:&quot;0&quot;,&quot;credit&quot;:&quot;Fernando Bettendorff&quot;,&quot;camera&quot;:&quot;&quot;,&quot;caption&quot;:&quot;&quot;,&quot;created_timestamp&quot;:&quot;1536865003&quot;,&quot;copyright&quot;:&quot;&quot;,&quot;focal_length&quot;:&quot;0&quot;,&quot;iso&quot;:&quot;0&quot;,&quot;shutter_speed&quot;:&quot;0&quot;,&quot;title&quot;:&quot;&quot;,&quot;orientation&quot;:&quot;0&quot;}\" data-image-title=\"Info 14-09-18 puntos\" data-image-description=\"\" data-image-caption=\"\" data-large-file=\"https:\/\/eldiariodesanpedro.com.ar\/sitio\/wp-content\/uploads\/2018\/09\/Info-14-09-18-puntos-1024x205.jpg\" data-src=\"https:\/\/eldiariodesanpedro.com.ar\/sitio\/wp-content\/uploads\/2018\/09\/Info-14-09-18-puntos-1024x205.jpg\" alt=\"\" width=\"660\" height=\"132\" class=\"alignnone size-large wp-image-40184 lazyload\" data-srcset=\"https:\/\/eldiariodesanpedro.com.ar\/sitio\/wp-content\/uploads\/2018\/09\/Info-14-09-18-puntos-1024x205.jpg 1024w, https:\/\/eldiariodesanpedro.com.ar\/sitio\/wp-content\/uploads\/2018\/09\/Info-14-09-18-puntos-300x60.jpg 300w, https:\/\/eldiariodesanpedro.com.ar\/sitio\/wp-content\/uploads\/2018\/09\/Info-14-09-18-puntos-768x154.jpg 768w\" data-sizes=\"(max-width: 660px) 100vw, 660px\" src=\"data:image\/svg+xml;base64,PHN2ZyB3aWR0aD0iMSIgaGVpZ2h0PSIxIiB4bWxucz0iaHR0cDovL3d3dy53My5vcmcvMjAwMC9zdmciPjwvc3ZnPg==\" style=\"--smush-placeholder-width: 660px; --smush-placeholder-aspect-ratio: 660\/132;\" \/> <\/p>\n","protected":false},"excerpt":{"rendered":"<p>En la quinta fecha del Torneo Nacional de F\u00fatbol Sub 15 que organiza el Consejo Federal y coordina en su primera etapa Federaci\u00f3n Norte de F\u00fatbol, San Pedro empat\u00f3 en Arrecifes sin goles, mientras que Baradero cay\u00f3 en San Nicol\u00e1s. Sumar fue negocio, aunque el triunfo le daba mayores chances, m\u00e1s teniendo en cuenta que [&hellip;]<\/p>\n","protected":false},"author":4,"featured_media":40185,"comment_status":"open","ping_status":"closed","sticky":false,"template":"","format":"standard","meta":{"om_disable_all_campaigns":false,"_jetpack_memberships_contains_paid_content":false,"footnotes":""},"categories":[5],"tags":[],"class_list":["post-40182","post","type-post","status-publish","format-standard","has-post-thumbnail","hentry","category-deportes"],"aioseo_notices":[],"gutentor_comment":0,"jetpack_featured_media_url":"https:\/\/eldiariodesanpedro.com.ar\/sitio\/wp-content\/uploads\/2018\/09\/Los-18-que-jugaron-en-Arrecifes.jpg","jetpack_shortlink":"https:\/\/wp.me\/p6RhLt-as6","jetpack_sharing_enabled":true,"_links":{"self":[{"href":"https:\/\/eldiariodesanpedro.com.ar\/sitio\/wp-json\/wp\/v2\/posts\/40182","targetHints":{"allow":["GET"]}}],"collection":[{"href":"https:\/\/eldiariodesanpedro.com.ar\/sitio\/wp-json\/wp\/v2\/posts"}],"about":[{"href":"https:\/\/eldiariodesanpedro.com.ar\/sitio\/wp-json\/wp\/v2\/types\/post"}],"author":[{"embeddable":true,"href":"https:\/\/eldiariodesanpedro.com.ar\/sitio\/wp-json\/wp\/v2\/users\/4"}],"replies":[{"embeddable":true,"href":"https:\/\/eldiariodesanpedro.com.ar\/sitio\/wp-json\/wp\/v2\/comments?post=40182"}],"version-history":[{"count":1,"href":"https:\/\/eldiariodesanpedro.com.ar\/sitio\/wp-json\/wp\/v2\/posts\/40182\/revisions"}],"predecessor-version":[{"id":40187,"href":"https:\/\/eldiariodesanpedro.com.ar\/sitio\/wp-json\/wp\/v2\/posts\/40182\/revisions\/40187"}],"wp:featuredmedia":[{"embeddable":true,"href":"https:\/\/eldiariodesanpedro.com.ar\/sitio\/wp-json\/wp\/v2\/media\/40185"}],"wp:attachment":[{"href":"https:\/\/eldiariodesanpedro.com.ar\/sitio\/wp-json\/wp\/v2\/media?parent=40182"}],"wp:term":[{"taxonomy":"category","embeddable":true,"href":"https:\/\/eldiariodesanpedro.com.ar\/sitio\/wp-json\/wp\/v2\/categories?post=40182"},{"taxonomy":"post_tag","embeddable":true,"href":"https:\/\/eldiariodesanpedro.com.ar\/sitio\/wp-json\/wp\/v2\/tags?post=40182"}],"curies":[{"name":"wp","href":"https:\/\/api.w.org\/{rel}","templated":true}]}}