{"id":40175,"date":"2018-09-13T17:51:07","date_gmt":"2018-09-13T20:51:07","guid":{"rendered":"https:\/\/eldiariodesanpedro.com.ar\/sitio\/?p=40175"},"modified":"2018-09-13T17:51:07","modified_gmt":"2018-09-13T20:51:07","slug":"zarate-absolvieron-al-carnicero-que-mato-a-un-ladron-en-zarate","status":"publish","type":"post","link":"https:\/\/eldiariodesanpedro.com.ar\/sitio\/zarate-absolvieron-al-carnicero-que-mato-a-un-ladron-en-zarate\/","title":{"rendered":"Z\u00c1RATE: Absolvieron al carnicero que mat\u00f3 a un ladr\u00f3n en Z\u00e1rate"},"content":{"rendered":"<p><!-- VideographyWP Plugin Message: Automatic video embedding prevented by plugin options. --><br \/>\nEl jurado popular compuesto por seis hombres y seis mujeres decidi\u00f3 absolver por unanimidad al carnicero Daniel Oyarz\u00fan, juzgado por matar a un ladr\u00f3n en Z\u00e1rate en el 2016 luego de haber sido asaltado en su carnicer\u00eda.<\/p>\n<p>La fiscal\u00eda hab\u00eda solicitado que sea condenado por exceso en la leg\u00edtima defensa, la querella hab\u00eda pedido el homicidio simple, y la defensa solicit\u00f3 su absoluci\u00f3n.<\/p>\n<p>Despu\u00e9s de tres audiencias y los alegatos finales,  el jurado interpret\u00f3 que hubo leg\u00edtima defensa y que el carnicero no tuvo intenci\u00f3n de matar al delincuente.<\/p>\n<p>\u00abEstoy contento porque se hizo justicia. Yo sab\u00eda que era inocente. Nunca dud\u00e9 del resultado del veredicto\u00bb, dijo apenas culmin\u00f3 el juicio.<\/p>\n<p>\u00abMi vida sigue criando a mi hija y laburando. Poder trabajar para tener mi carnicer\u00eda, que es el sue\u00f1o que tengo\u00bb, indic\u00f3 el carnicero, al tiempo que resalt\u00f3 que le queda una \u00abgran tristeza\u00bb luego del hecho que protagoniz\u00f3. \u00abVoy a laburar para tener lo m\u00edo, lo que he perdido\u00bb, agreg\u00f3.<\/p>\n<p>Exactamente a las 16.40, cuando la tensi\u00f3n dentro de la sala se hac\u00eda insostenible para todos los presentes, el presidente del jurado le comunic\u00f3 a la jueza que hab\u00edan llegado a la conclusi\u00f3n de que Oyarz\u00fan era \u00abno culpable\u00bb y por lo tanto quedaba en libertad.<\/p>\n<p>Apenas conocida la sentencia, el carnicero rompi\u00f3 en llanto y se abraz\u00f3 con su abogado y sus familiares m\u00e1s cercanos. Minutos despu\u00e9s sali\u00f3 a la puerta de los tribunales de Campana para encontrarse con el resto de su familia y sus amigos, quienes estuvieron en la puerta desde las 9 de la ma\u00f1ana.<\/p>\n<p>Entre festejos y gritos de aliento se abraz\u00f3 con su madre, su padre y sus hermanos. \u00abLe digo gracias a toda la gente que me apoy\u00f3. A todos. Cuando escuch\u00e9 el veredicto lo primero que pens\u00e9 es que iba a poder seguir criando a mi hija c\u00f3mo lo ven\u00eda haciendo, con la frente en alto\u00bb, dijo entre los gritos de festejo de sus allegados.<\/p>\n<p>Durante los alegatos, el doctor Ricardo Izquierdo, que defendi\u00f3 a Oyarz\u00fan hab\u00eda asegurado que exist\u00eda un plan criminal dentro de la c\u00e1rcel para asesinar al carnicero si quedaba preso. Se\u00f1al\u00f3 al otro asaltante que qued\u00f3 preso por el robo a la carnicer\u00eda como autor de ese plan.<\/p>\n<p>\u00abFue a defender sus bienes. \u00c9l sab\u00eda en todo momento qu\u00e9 hac\u00eda. Lo dijo la psic\u00f3loga. Estaba yendo a recuperar su plata\u00bb, explic\u00f3 Izquierdo al finalizar el juicio, que se llev\u00f3 a cabo dos a\u00f1os despu\u00e9s del robo a la carnicer\u00eda.<\/p>\n<p>El hecho ocurri\u00f3 el 13 de septiembre de 2016, cuando dos personas ingresaron a la carnicer\u00eda de para robarle y, tras disparar varias veces dentro del local, se llevaron 5 mil pesos.<\/p>\n<p>Seg\u00fan la investigaci\u00f3n, Oyarz\u00fan sali\u00f3 a perseguir a los ladrones con su auto y en la huida los dos delincuentes se cayeron de la moto en la que se escapaban. Fue en ese momento que el carnicero alcanz\u00f3 a uno de ellos, lo atropell\u00f3, lo aplast\u00f3 contra un poste y lo hiri\u00f3 de gravedad. Horas despu\u00e9s, el delincuente falleci\u00f3.<\/p>\n<p>Fuente: Infobae<\/p>\n","protected":false},"excerpt":{"rendered":"<p>El jurado popular compuesto por seis hombres y seis mujeres decidi\u00f3 absolver por unanimidad al carnicero Daniel Oyarz\u00fan, juzgado por matar a un ladr\u00f3n en Z\u00e1rate en el 2016 luego de haber sido asaltado en su carnicer\u00eda. La fiscal\u00eda hab\u00eda solicitado que sea condenado por exceso en la leg\u00edtima defensa, la querella hab\u00eda pedido el [&hellip;]<\/p>\n","protected":false},"author":4,"featured_media":40178,"comment_status":"open","ping_status":"closed","sticky":false,"template":"","format":"standard","meta":{"om_disable_all_campaigns":false,"_jetpack_memberships_contains_paid_content":false,"footnotes":""},"categories":[621],"tags":[],"class_list":["post-40175","post","type-post","status-publish","format-standard","has-post-thumbnail","hentry","category-regionales"],"aioseo_notices":[],"gutentor_comment":0,"jetpack_featured_media_url":"https:\/\/eldiariodesanpedro.com.ar\/sitio\/wp-content\/uploads\/2018\/09\/25079_ffkkjj.jpg","jetpack_shortlink":"https:\/\/wp.me\/p6RhLt-arZ","jetpack_sharing_enabled":true,"_links":{"self":[{"href":"https:\/\/eldiariodesanpedro.com.ar\/sitio\/wp-json\/wp\/v2\/posts\/40175","targetHints":{"allow":["GET"]}}],"collection":[{"href":"https:\/\/eldiariodesanpedro.com.ar\/sitio\/wp-json\/wp\/v2\/posts"}],"about":[{"href":"https:\/\/eldiariodesanpedro.com.ar\/sitio\/wp-json\/wp\/v2\/types\/post"}],"author":[{"embeddable":true,"href":"https:\/\/eldiariodesanpedro.com.ar\/sitio\/wp-json\/wp\/v2\/users\/4"}],"replies":[{"embeddable":true,"href":"https:\/\/eldiariodesanpedro.com.ar\/sitio\/wp-json\/wp\/v2\/comments?post=40175"}],"version-history":[{"count":1,"href":"https:\/\/eldiariodesanpedro.com.ar\/sitio\/wp-json\/wp\/v2\/posts\/40175\/revisions"}],"predecessor-version":[{"id":40179,"href":"https:\/\/eldiariodesanpedro.com.ar\/sitio\/wp-json\/wp\/v2\/posts\/40175\/revisions\/40179"}],"wp:featuredmedia":[{"embeddable":true,"href":"https:\/\/eldiariodesanpedro.com.ar\/sitio\/wp-json\/wp\/v2\/media\/40178"}],"wp:attachment":[{"href":"https:\/\/eldiariodesanpedro.com.ar\/sitio\/wp-json\/wp\/v2\/media?parent=40175"}],"wp:term":[{"taxonomy":"category","embeddable":true,"href":"https:\/\/eldiariodesanpedro.com.ar\/sitio\/wp-json\/wp\/v2\/categories?post=40175"},{"taxonomy":"post_tag","embeddable":true,"href":"https:\/\/eldiariodesanpedro.com.ar\/sitio\/wp-json\/wp\/v2\/tags?post=40175"}],"curies":[{"name":"wp","href":"https:\/\/api.w.org\/{rel}","templated":true}]}}