{"id":40173,"date":"2018-09-13T17:38:49","date_gmt":"2018-09-13T20:38:49","guid":{"rendered":"https:\/\/eldiariodesanpedro.com.ar\/sitio\/?p=40173"},"modified":"2018-09-13T17:38:49","modified_gmt":"2018-09-13T20:38:49","slug":"corte-programado-para-manana-viernes-14-de-septiembre","status":"publish","type":"post","link":"https:\/\/eldiariodesanpedro.com.ar\/sitio\/corte-programado-para-manana-viernes-14-de-septiembre\/","title":{"rendered":"Corte programado para ma\u00f1ana viernes 14 de septiembre"},"content":{"rendered":"<p><!-- VideographyWP Plugin Message: Automatic video embedding prevented by plugin options. --><br \/>\nCOOPSER informa que el Departamento El\u00e9ctrico efectuar\u00e1 ma\u00f1ana viernes 14 de septiembre un corte de energ\u00eda para tareas de mantenimiento programadas en la zona comprendida por calle Humanes del 949 hasta el 1185 mano impar, entre las 8 y las 11. En caso de mal tiempo ser\u00e1 reprogramado<\/p>\n","protected":false},"excerpt":{"rendered":"<p>COOPSER informa que el Departamento El\u00e9ctrico efectuar\u00e1 ma\u00f1ana viernes 14 de septiembre un corte de energ\u00eda para tareas de mantenimiento programadas en la zona comprendida por calle Humanes del 949 hasta el 1185 mano impar, entre las 8 y las 11. En caso de mal tiempo ser\u00e1 reprogramado<\/p>\n","protected":false},"author":4,"featured_media":28931,"comment_status":"open","ping_status":"closed","sticky":false,"template":"","format":"standard","meta":{"om_disable_all_campaigns":false,"_jetpack_memberships_contains_paid_content":false,"footnotes":""},"categories":[101,2],"tags":[],"class_list":["post-40173","post","type-post","status-publish","format-standard","has-post-thumbnail","hentry","category-interes-general-locales","category-locales"],"aioseo_notices":[],"gutentor_comment":1,"jetpack_featured_media_url":"https:\/\/eldiariodesanpedro.com.ar\/sitio\/wp-content\/uploads\/2018\/02\/Trabajos-de-COOPSER.jpg","jetpack_shortlink":"https:\/\/wp.me\/p6RhLt-arX","jetpack_sharing_enabled":true,"_links":{"self":[{"href":"https:\/\/eldiariodesanpedro.com.ar\/sitio\/wp-json\/wp\/v2\/posts\/40173","targetHints":{"allow":["GET"]}}],"collection":[{"href":"https:\/\/eldiariodesanpedro.com.ar\/sitio\/wp-json\/wp\/v2\/posts"}],"about":[{"href":"https:\/\/eldiariodesanpedro.com.ar\/sitio\/wp-json\/wp\/v2\/types\/post"}],"author":[{"embeddable":true,"href":"https:\/\/eldiariodesanpedro.com.ar\/sitio\/wp-json\/wp\/v2\/users\/4"}],"replies":[{"embeddable":true,"href":"https:\/\/eldiariodesanpedro.com.ar\/sitio\/wp-json\/wp\/v2\/comments?post=40173"}],"version-history":[{"count":1,"href":"https:\/\/eldiariodesanpedro.com.ar\/sitio\/wp-json\/wp\/v2\/posts\/40173\/revisions"}],"predecessor-version":[{"id":40174,"href":"https:\/\/eldiariodesanpedro.com.ar\/sitio\/wp-json\/wp\/v2\/posts\/40173\/revisions\/40174"}],"wp:featuredmedia":[{"embeddable":true,"href":"https:\/\/eldiariodesanpedro.com.ar\/sitio\/wp-json\/wp\/v2\/media\/28931"}],"wp:attachment":[{"href":"https:\/\/eldiariodesanpedro.com.ar\/sitio\/wp-json\/wp\/v2\/media?parent=40173"}],"wp:term":[{"taxonomy":"category","embeddable":true,"href":"https:\/\/eldiariodesanpedro.com.ar\/sitio\/wp-json\/wp\/v2\/categories?post=40173"},{"taxonomy":"post_tag","embeddable":true,"href":"https:\/\/eldiariodesanpedro.com.ar\/sitio\/wp-json\/wp\/v2\/tags?post=40173"}],"curies":[{"name":"wp","href":"https:\/\/api.w.org\/{rel}","templated":true}]}}