{"id":40169,"date":"2018-09-13T17:00:57","date_gmt":"2018-09-13T20:00:57","guid":{"rendered":"https:\/\/eldiariodesanpedro.com.ar\/sitio\/?p=40169"},"modified":"2018-09-13T18:45:41","modified_gmt":"2018-09-13T21:45:41","slug":"hubo-sentencia-y-nazareno-monzon-fue-condenado-a-8-anos-de-prision","status":"publish","type":"post","link":"https:\/\/eldiariodesanpedro.com.ar\/sitio\/hubo-sentencia-y-nazareno-monzon-fue-condenado-a-8-anos-de-prision\/","title":{"rendered":"Hubo sentencia y Nazareno Monz\u00f3n fue condenado a 8 a\u00f1os de prisi\u00f3n"},"content":{"rendered":"<p><!-- VideographyWP Plugin Message: Automatic video embedding prevented by plugin options. --><br \/>\nFue hallado responsable del asesinato de Pedro Caballero en noviembre de 2014 y deber\u00e1 cumplir el total de la pena alojado en una unidad carcelaria.<br \/>\nEl Tribunal dict\u00f3 sentencia y como lo hab\u00edan acordado las partes involucradas en juicio abreviado Nazareno Monz\u00f3n fue condenado a 8 a\u00f1os de prisi\u00f3n efectiva por el homicidio de Pedro Caballero.<\/p>\n<p>\u201cCon esta decisi\u00f3n el caso est\u00e1 cerrado y nuestro trabajo termin\u00f3, ahora habr\u00e1 que ver si la otra parte apela la sentencia\u201d, se\u00f1al\u00f3 el fiscal Marcelo Manso.<\/p>\n<p>Monz\u00f3n deber\u00e1 cumplir el total de la pena alojado en una Unidad Penal de la Provincia de Buenos Aires ya que la condena fue establecida a trav\u00e9s de un juicio abreviado y es superior a los tres a\u00f1os.  <\/p>\n<p>Nazareno Monz\u00f3n, de 23 a\u00f1os, fue el \u00fanico acusado de asesinar a Pedro Caballero (22) en el interior del pub N\u00e1pole el 14 de noviembre de 2016 bajo la car\u00e1tula \u201cHomicidio y Lesiones Leves\u201d.<\/p>\n<p>El hecho aconteci\u00f3 en horas de la madrugada cuando se produjo una pelea y como resultado de la misma, Pedro Caballero y dos j\u00f3venes m\u00e1s resultaron heridos. Caballero llev\u00f3 la peor parte, fue trasladado a la guardia del Hospital local, ten\u00eda dos heridas en el torax y la espalda, las mismas que minutos despu\u00e9s le originaron la muerte.   <\/p>\n<p>D\u00edas despu\u00e9s y gracias los m\u00e1s de quince testimonios que se recibieron Nazareno Monz\u00f3n fue detenido y puesto a disposici\u00f3n de la justicia.<\/p>\n<p>Fuente: San Pedro Informa<\/p>\n","protected":false},"excerpt":{"rendered":"<p>Fue hallado responsable del asesinato de Pedro Caballero en noviembre de 2014 y deber\u00e1 cumplir el total de la pena alojado en una unidad carcelaria. El Tribunal dict\u00f3 sentencia y como lo hab\u00edan acordado las partes involucradas en juicio abreviado Nazareno Monz\u00f3n fue condenado a 8 a\u00f1os de prisi\u00f3n efectiva por el homicidio de Pedro [&hellip;]<\/p>\n","protected":false},"author":4,"featured_media":40170,"comment_status":"open","ping_status":"closed","sticky":false,"template":"","format":"standard","meta":{"om_disable_all_campaigns":false,"_jetpack_memberships_contains_paid_content":false,"footnotes":""},"categories":[50,2,103],"tags":[],"class_list":["post-40169","post","type-post","status-publish","format-standard","has-post-thumbnail","hentry","category-destacadas","category-locales","category-policiales-locales"],"aioseo_notices":[],"gutentor_comment":0,"jetpack_featured_media_url":"https:\/\/eldiariodesanpedro.com.ar\/sitio\/wp-content\/uploads\/2018\/09\/TAPA-2.jpg","jetpack_shortlink":"https:\/\/wp.me\/p6RhLt-arT","jetpack_sharing_enabled":true,"_links":{"self":[{"href":"https:\/\/eldiariodesanpedro.com.ar\/sitio\/wp-json\/wp\/v2\/posts\/40169","targetHints":{"allow":["GET"]}}],"collection":[{"href":"https:\/\/eldiariodesanpedro.com.ar\/sitio\/wp-json\/wp\/v2\/posts"}],"about":[{"href":"https:\/\/eldiariodesanpedro.com.ar\/sitio\/wp-json\/wp\/v2\/types\/post"}],"author":[{"embeddable":true,"href":"https:\/\/eldiariodesanpedro.com.ar\/sitio\/wp-json\/wp\/v2\/users\/4"}],"replies":[{"embeddable":true,"href":"https:\/\/eldiariodesanpedro.com.ar\/sitio\/wp-json\/wp\/v2\/comments?post=40169"}],"version-history":[{"count":3,"href":"https:\/\/eldiariodesanpedro.com.ar\/sitio\/wp-json\/wp\/v2\/posts\/40169\/revisions"}],"predecessor-version":[{"id":40180,"href":"https:\/\/eldiariodesanpedro.com.ar\/sitio\/wp-json\/wp\/v2\/posts\/40169\/revisions\/40180"}],"wp:featuredmedia":[{"embeddable":true,"href":"https:\/\/eldiariodesanpedro.com.ar\/sitio\/wp-json\/wp\/v2\/media\/40170"}],"wp:attachment":[{"href":"https:\/\/eldiariodesanpedro.com.ar\/sitio\/wp-json\/wp\/v2\/media?parent=40169"}],"wp:term":[{"taxonomy":"category","embeddable":true,"href":"https:\/\/eldiariodesanpedro.com.ar\/sitio\/wp-json\/wp\/v2\/categories?post=40169"},{"taxonomy":"post_tag","embeddable":true,"href":"https:\/\/eldiariodesanpedro.com.ar\/sitio\/wp-json\/wp\/v2\/tags?post=40169"}],"curies":[{"name":"wp","href":"https:\/\/api.w.org\/{rel}","templated":true}]}}