{"id":40164,"date":"2018-09-13T12:35:06","date_gmt":"2018-09-13T15:35:06","guid":{"rendered":"https:\/\/eldiariodesanpedro.com.ar\/sitio\/?p=40164"},"modified":"2018-09-13T12:35:06","modified_gmt":"2018-09-13T15:35:06","slug":"el-sabado-15-la-feria-como-punto-de-encuentro","status":"publish","type":"post","link":"https:\/\/eldiariodesanpedro.com.ar\/sitio\/el-sabado-15-la-feria-como-punto-de-encuentro\/","title":{"rendered":"El s\u00e1bado 15, la Feria como punto de encuentro"},"content":{"rendered":"<p><!-- VideographyWP Plugin Message: Automatic video embedding prevented by plugin options. --><br \/>\nProducci\u00f3n, arte, ciencia y conciencia ecol\u00f3gica. Las 4 propuestas que se reunir\u00e1n frente a la Plaza Constituci\u00f3n este s\u00e1bado 15, si el clima lo permite. Un listado interminable de productos que agrega a los productos de estaci\u00f3n t\u00edpicos (plantines para la huerta, rosales de colores), el pescado artesanal.<\/p>\n<p>Aunque un poco expectantes sobre las condiciones clim\u00e1ticas, ya todo est\u00e1 listo para la pr\u00f3xima edici\u00f3n que contar\u00e1 no s\u00f3lo con los productores habituales, sino con algunos nuevos y regresos para traer variedad y mejorar la canasta entre productor y consumidor, acortando distancias y generando beneficios mutuos en cuanto a precios y costos.<\/p>\n<p>Por segunda vez se presentar\u00e1 desde las 16.30 Comuna 16, el grupo musical que con sus letras sacuden un esp\u00edritu solidario, festivo y provocador. Tambi\u00e9n  estar\u00e1 la \u201cCl\u00ednica de plantas\u201d de INTA San Pedro, recibiendo consultas sobre problemas con las plantas que cada vecino acerque frente a la Plaza Constituci\u00f3n. Y \u201cConciencia Ecol\u00f3gica\u201d instalar\u00e1 un punto verde para recolecci\u00f3n de productos reciclables.<\/p>\n<p>Y para que cada uno pueda anticipar sus compras, se extiende un amplio rango de productos disponibles ese d\u00eda:<\/p>\n<p>Frutas hortalizas: verduras cosechadas del d\u00eda, Batata Ipomea, Limones, Naranjas, Nueces pecan, Paltas (seg\u00fan la madurez), mostaza en grano<br \/>\nGranja: huevos<br \/>\nPescado artesanal<br \/>\nDulces de frutas locales y en combinaciones, confitados, dulces s\u00f3lidos y licores<br \/>\nMiel y derivados como prop\u00f3leo y polen<br \/>\nCremas de cal\u00e9ndula y otras hierbas<br \/>\nPara armar la huerta: plantines hort\u00edcolas (apio, lechuga, tomate de distintos tipos, plantines de repollo blanco y colorado, acelga china) y arom\u00e1ticas<br \/>\nPara el jard\u00edn: cactus y crasas, plantines forestales, rosas de distintos colores, jazmines, otras plantas ornamentales<br \/>\nPara regalar y regalarse: lana, tejidos, peque\u00f1os regalos con fieltro<br \/>\nY para disfrutar durante el recorrido\u2026 Jugo de naranja reci\u00e9n exprimido!<\/p>\n<p>Punto verde<br \/>\nAcompa\u00f1ando la iniciativa sostenida que ya hace un tiempo el grupo  Conciencia Ecol\u00f3gica alienta para recolectar productos reciclables, se instalar\u00e1 un Punto Verde para recolecci\u00f3n de vidrio, metal, pl\u00e1stico y sus derivados. Es un  compromiso con el medioambiente que,  separando en origen los residuos reciclables, permite que \u00e9stos sean reinsertados en el sistema productivo, generen empleo y no contaminen. Este punto se sumar\u00e1 al ya previsto para la semana siguiente y se invita a los vecinos a acercar sus residuos reciclables, limpios y secos.<\/p>\n<p>M\u00fasica para contar historias y compartir emociones<br \/>\nA las 16.30 habr\u00e1 un espacio para las letras de Comuna 16, una banda de rock y blues del barrio de Colegiales, en Buenos Aires. Sus letras tratan sobre problem\u00e1ticas sociales y pol\u00edticas y sobre temas cotidianos y contradicciones que nos cruzan en el d\u00eda a d\u00eda, con tono ir\u00f3nico y mucho humor.<\/p>\n<p>Est\u00e1 integrada por Hugo Corrales en guitarra, Gabriel K\u00f1allevsky en Bajo, Mart\u00edn Ameroso en Bater\u00eda, Mat\u00edas Haberfeld en voz y segunda guitarra y David Burin en saxo. Se origina a partir de la banda DeSastre integrada por padres y madres de la cooperadora de la escuela p\u00fablica Marcos Sastre y toca en eventos barriales organizados por el Circuito Cultural Marcos y en ferias de econom\u00eda social y agricultura familiar.<br \/>\nIntegra la Federaci\u00f3n de Cooperativas Autogestionadas de Buenos Aires. En 2016 el grupo crea la Comuna 16 y se presentan contando: \u201cHay 15 Comunas en la Ciudad de Buenos Aires, y se autonomiza del gobierno local apelando al Art. 4 de la Constituci\u00f3n de la Ciudad que impulsa a rebelarse ante el abuso de autoridad y declara la intangibilidad de su territorio de 10 m2\u201d. Comuna 16 ya estuvo en marzo de 2017 compartiendo sus sonido bajo la sombra de las Tipas de la Plaza Constituci\u00f3n e invitan a participar de su presentaci\u00f3n con este desaf\u00edo \u201csi vienen, quiz\u00e1s los nombremos ciudadanos ilustres\u201d.<\/p>\n<p>Una cl\u00ednica para plantas, a mano&#8230;<br \/>\nDurante toda la jornada estar\u00e1 el servicio que brinda el INTA San Pedro a aquellas personas que tienen un problema sanitario con sus plantas, para ayudar al diagn\u00f3stico y tratamiento. Cuando se trata de escala familiar el foco est\u00e1 puesto en el manejo preventivo como el riego o la nutrici\u00f3n de la planta, el manejo cultural como la poda, o la utilizaci\u00f3n de productos que no pongan en riesgo la salud humana.<\/p>\n<p>El servicio re\u00fane de manera colaborativa la experiencia de los profesionales del INTA San Pedro, a trav\u00e9s de la coordinaci\u00f3n y gesti\u00f3n de la Ing. Agr. Mariel Mitidieri. Ella estar\u00e1 junto al Lic. Gonzalo Segade y la Tec. Mar\u00eda Virginia Brambilla, el s\u00e1bado durante la feria Frutos de la tierra y el r\u00edo,  atendiendo a quienes lleven sus plantas o fotos con problemas para analizarlas y buscar soluciones.<\/p>\n<p><img decoding=\"async\" data-attachment-id=\"40166\" data-permalink=\"https:\/\/eldiariodesanpedro.com.ar\/sitio\/el-sabado-15-la-feria-como-punto-de-encuentro\/1-66\/\" data-orig-file=\"https:\/\/eldiariodesanpedro.com.ar\/sitio\/wp-content\/uploads\/2018\/09\/1-2.jpg\" data-orig-size=\"1024,577\" data-comments-opened=\"1\" data-image-meta=\"{&quot;aperture&quot;:&quot;0&quot;,&quot;credit&quot;:&quot;&quot;,&quot;camera&quot;:&quot;&quot;,&quot;caption&quot;:&quot;&quot;,&quot;created_timestamp&quot;:&quot;0&quot;,&quot;copyright&quot;:&quot;&quot;,&quot;focal_length&quot;:&quot;0&quot;,&quot;iso&quot;:&quot;0&quot;,&quot;shutter_speed&quot;:&quot;0&quot;,&quot;title&quot;:&quot;&quot;,&quot;orientation&quot;:&quot;0&quot;}\" data-image-title=\"1\" data-image-description=\"\" data-image-caption=\"\" data-large-file=\"https:\/\/eldiariodesanpedro.com.ar\/sitio\/wp-content\/uploads\/2018\/09\/1-2-1024x577.jpg\" data-src=\"https:\/\/eldiariodesanpedro.com.ar\/sitio\/wp-content\/uploads\/2018\/09\/1-2-1024x577.jpg\" alt=\"\" width=\"660\" height=\"372\" class=\"alignnone size-large wp-image-40166 lazyload\" data-srcset=\"https:\/\/eldiariodesanpedro.com.ar\/sitio\/wp-content\/uploads\/2018\/09\/1-2.jpg 1024w, https:\/\/eldiariodesanpedro.com.ar\/sitio\/wp-content\/uploads\/2018\/09\/1-2-300x169.jpg 300w, https:\/\/eldiariodesanpedro.com.ar\/sitio\/wp-content\/uploads\/2018\/09\/1-2-768x433.jpg 768w\" data-sizes=\"(max-width: 660px) 100vw, 660px\" src=\"data:image\/svg+xml;base64,PHN2ZyB3aWR0aD0iMSIgaGVpZ2h0PSIxIiB4bWxucz0iaHR0cDovL3d3dy53My5vcmcvMjAwMC9zdmciPjwvc3ZnPg==\" style=\"--smush-placeholder-width: 660px; --smush-placeholder-aspect-ratio: 660\/372;\" \/><\/p>\n<p><img decoding=\"async\" data-attachment-id=\"40167\" data-permalink=\"https:\/\/eldiariodesanpedro.com.ar\/sitio\/el-sabado-15-la-feria-como-punto-de-encuentro\/2-47\/\" data-orig-file=\"https:\/\/eldiariodesanpedro.com.ar\/sitio\/wp-content\/uploads\/2018\/09\/2.jpeg\" data-orig-size=\"768,433\" data-comments-opened=\"1\" data-image-meta=\"{&quot;aperture&quot;:&quot;0&quot;,&quot;credit&quot;:&quot;&quot;,&quot;camera&quot;:&quot;&quot;,&quot;caption&quot;:&quot;&quot;,&quot;created_timestamp&quot;:&quot;0&quot;,&quot;copyright&quot;:&quot;&quot;,&quot;focal_length&quot;:&quot;0&quot;,&quot;iso&quot;:&quot;0&quot;,&quot;shutter_speed&quot;:&quot;0&quot;,&quot;title&quot;:&quot;&quot;,&quot;orientation&quot;:&quot;0&quot;}\" data-image-title=\"2\" data-image-description=\"\" data-image-caption=\"\" data-large-file=\"https:\/\/eldiariodesanpedro.com.ar\/sitio\/wp-content\/uploads\/2018\/09\/2.jpeg\" data-src=\"https:\/\/eldiariodesanpedro.com.ar\/sitio\/wp-content\/uploads\/2018\/09\/2.jpeg\" alt=\"\" width=\"660\" height=\"372\" class=\"alignnone size-large wp-image-40167 lazyload\" data-srcset=\"https:\/\/eldiariodesanpedro.com.ar\/sitio\/wp-content\/uploads\/2018\/09\/2.jpeg 768w, https:\/\/eldiariodesanpedro.com.ar\/sitio\/wp-content\/uploads\/2018\/09\/2-300x169.jpeg 300w\" data-sizes=\"(max-width: 660px) 100vw, 660px\" src=\"data:image\/svg+xml;base64,PHN2ZyB3aWR0aD0iMSIgaGVpZ2h0PSIxIiB4bWxucz0iaHR0cDovL3d3dy53My5vcmcvMjAwMC9zdmciPjwvc3ZnPg==\" style=\"--smush-placeholder-width: 660px; --smush-placeholder-aspect-ratio: 660\/372;\" \/><\/p>\n","protected":false},"excerpt":{"rendered":"<p>Producci\u00f3n, arte, ciencia y conciencia ecol\u00f3gica. Las 4 propuestas que se reunir\u00e1n frente a la Plaza Constituci\u00f3n este s\u00e1bado 15, si el clima lo permite. Un listado interminable de productos que agrega a los productos de estaci\u00f3n t\u00edpicos (plantines para la huerta, rosales de colores), el pescado artesanal. Aunque un poco expectantes sobre las condiciones [&hellip;]<\/p>\n","protected":false},"author":4,"featured_media":40165,"comment_status":"open","ping_status":"closed","sticky":false,"template":"","format":"standard","meta":{"om_disable_all_campaigns":false,"_jetpack_memberships_contains_paid_content":false,"footnotes":""},"categories":[101,2],"tags":[],"class_list":["post-40164","post","type-post","status-publish","format-standard","has-post-thumbnail","hentry","category-interes-general-locales","category-locales"],"aioseo_notices":[],"gutentor_comment":0,"jetpack_featured_media_url":"https:\/\/eldiariodesanpedro.com.ar\/sitio\/wp-content\/uploads\/2018\/09\/68e7ffb8-8431-4256-9ce7-3cf0fe2b5a77.png","jetpack_shortlink":"https:\/\/wp.me\/p6RhLt-arO","jetpack_sharing_enabled":true,"_links":{"self":[{"href":"https:\/\/eldiariodesanpedro.com.ar\/sitio\/wp-json\/wp\/v2\/posts\/40164","targetHints":{"allow":["GET"]}}],"collection":[{"href":"https:\/\/eldiariodesanpedro.com.ar\/sitio\/wp-json\/wp\/v2\/posts"}],"about":[{"href":"https:\/\/eldiariodesanpedro.com.ar\/sitio\/wp-json\/wp\/v2\/types\/post"}],"author":[{"embeddable":true,"href":"https:\/\/eldiariodesanpedro.com.ar\/sitio\/wp-json\/wp\/v2\/users\/4"}],"replies":[{"embeddable":true,"href":"https:\/\/eldiariodesanpedro.com.ar\/sitio\/wp-json\/wp\/v2\/comments?post=40164"}],"version-history":[{"count":1,"href":"https:\/\/eldiariodesanpedro.com.ar\/sitio\/wp-json\/wp\/v2\/posts\/40164\/revisions"}],"predecessor-version":[{"id":40168,"href":"https:\/\/eldiariodesanpedro.com.ar\/sitio\/wp-json\/wp\/v2\/posts\/40164\/revisions\/40168"}],"wp:featuredmedia":[{"embeddable":true,"href":"https:\/\/eldiariodesanpedro.com.ar\/sitio\/wp-json\/wp\/v2\/media\/40165"}],"wp:attachment":[{"href":"https:\/\/eldiariodesanpedro.com.ar\/sitio\/wp-json\/wp\/v2\/media?parent=40164"}],"wp:term":[{"taxonomy":"category","embeddable":true,"href":"https:\/\/eldiariodesanpedro.com.ar\/sitio\/wp-json\/wp\/v2\/categories?post=40164"},{"taxonomy":"post_tag","embeddable":true,"href":"https:\/\/eldiariodesanpedro.com.ar\/sitio\/wp-json\/wp\/v2\/tags?post=40164"}],"curies":[{"name":"wp","href":"https:\/\/api.w.org\/{rel}","templated":true}]}}