{"id":40161,"date":"2018-09-13T12:15:06","date_gmt":"2018-09-13T15:15:06","guid":{"rendered":"https:\/\/eldiariodesanpedro.com.ar\/sitio\/?p=40161"},"modified":"2018-09-13T12:15:06","modified_gmt":"2018-09-13T15:15:06","slug":"alumnas-del-taller-de-peluqueria-de-depietri-visitan-el-hogar-de-ancianos","status":"publish","type":"post","link":"https:\/\/eldiariodesanpedro.com.ar\/sitio\/alumnas-del-taller-de-peluqueria-de-depietri-visitan-el-hogar-de-ancianos\/","title":{"rendered":"Alumnas del taller de Peluquer\u00eda de Depietri visitan el Hogar de Ancianos"},"content":{"rendered":"<p><!-- VideographyWP Plugin Message: Automatic video embedding prevented by plugin options. --><br \/>\nEl pasado mi\u00e9rcoles las alumnas del taller de Peluquer\u00eda que se dicta en la Sede de Envi\u00f3n Depietri, visitaron el Hogar de Ancianos de nuestra ciudad donde aplicaron los conocimientos aprendidos durante el taller. <\/p>\n<p>Dicha Capacitaci\u00f3n se brinda en el marco del Proyecto Depietri que forma parte del Programa \u00abH\u00c1BITAT NACI\u00d3N\u00bb, su implementaci\u00f3n es parte del Convenio firmado entre la Secretar\u00eda de Vivienda y H\u00e1bitat del Ministerio del Interior, Obras P\u00fablicas y Vivienda de la Naci\u00f3n  y la Municipalidad de San Pedro. El mismo se encuentra coordinado por el \u00c1rea de Redes Comunitarias dependiente de la Secretar\u00eda de Desarrollo Humano municipal. <\/p>\n","protected":false},"excerpt":{"rendered":"<p>El pasado mi\u00e9rcoles las alumnas del taller de Peluquer\u00eda que se dicta en la Sede de Envi\u00f3n Depietri, visitaron el Hogar de Ancianos de nuestra ciudad donde aplicaron los conocimientos aprendidos durante el taller. Dicha Capacitaci\u00f3n se brinda en el marco del Proyecto Depietri que forma parte del Programa \u00abH\u00c1BITAT NACI\u00d3N\u00bb, su implementaci\u00f3n es parte [&hellip;]<\/p>\n","protected":false},"author":4,"featured_media":40162,"comment_status":"open","ping_status":"closed","sticky":false,"template":"","format":"standard","meta":{"om_disable_all_campaigns":false,"_jetpack_memberships_contains_paid_content":false,"footnotes":""},"categories":[101,2],"tags":[],"class_list":["post-40161","post","type-post","status-publish","format-standard","has-post-thumbnail","hentry","category-interes-general-locales","category-locales"],"aioseo_notices":[],"gutentor_comment":0,"jetpack_featured_media_url":"https:\/\/eldiariodesanpedro.com.ar\/sitio\/wp-content\/uploads\/2018\/09\/Acta-Reuni\u00f3n-4.10.17.jpg","jetpack_shortlink":"https:\/\/wp.me\/p6RhLt-arL","jetpack_sharing_enabled":true,"_links":{"self":[{"href":"https:\/\/eldiariodesanpedro.com.ar\/sitio\/wp-json\/wp\/v2\/posts\/40161","targetHints":{"allow":["GET"]}}],"collection":[{"href":"https:\/\/eldiariodesanpedro.com.ar\/sitio\/wp-json\/wp\/v2\/posts"}],"about":[{"href":"https:\/\/eldiariodesanpedro.com.ar\/sitio\/wp-json\/wp\/v2\/types\/post"}],"author":[{"embeddable":true,"href":"https:\/\/eldiariodesanpedro.com.ar\/sitio\/wp-json\/wp\/v2\/users\/4"}],"replies":[{"embeddable":true,"href":"https:\/\/eldiariodesanpedro.com.ar\/sitio\/wp-json\/wp\/v2\/comments?post=40161"}],"version-history":[{"count":1,"href":"https:\/\/eldiariodesanpedro.com.ar\/sitio\/wp-json\/wp\/v2\/posts\/40161\/revisions"}],"predecessor-version":[{"id":40163,"href":"https:\/\/eldiariodesanpedro.com.ar\/sitio\/wp-json\/wp\/v2\/posts\/40161\/revisions\/40163"}],"wp:featuredmedia":[{"embeddable":true,"href":"https:\/\/eldiariodesanpedro.com.ar\/sitio\/wp-json\/wp\/v2\/media\/40162"}],"wp:attachment":[{"href":"https:\/\/eldiariodesanpedro.com.ar\/sitio\/wp-json\/wp\/v2\/media?parent=40161"}],"wp:term":[{"taxonomy":"category","embeddable":true,"href":"https:\/\/eldiariodesanpedro.com.ar\/sitio\/wp-json\/wp\/v2\/categories?post=40161"},{"taxonomy":"post_tag","embeddable":true,"href":"https:\/\/eldiariodesanpedro.com.ar\/sitio\/wp-json\/wp\/v2\/tags?post=40161"}],"curies":[{"name":"wp","href":"https:\/\/api.w.org\/{rel}","templated":true}]}}