{"id":40158,"date":"2018-09-13T12:09:36","date_gmt":"2018-09-13T15:09:36","guid":{"rendered":"https:\/\/eldiariodesanpedro.com.ar\/sitio\/?p=40158"},"modified":"2018-09-13T12:09:36","modified_gmt":"2018-09-13T15:09:36","slug":"zarate-el-proyecto-de-la-autonomia-de-lima-tiene-el-apoyo-de-todos-los-sectores-y-avanza-el-debate-en-diputados","status":"publish","type":"post","link":"https:\/\/eldiariodesanpedro.com.ar\/sitio\/zarate-el-proyecto-de-la-autonomia-de-lima-tiene-el-apoyo-de-todos-los-sectores-y-avanza-el-debate-en-diputados\/","title":{"rendered":"Z\u00c1RATE: El proyecto de la autonom\u00eda de Lima tiene el apoyo de todos los sectores y avanza el debate en Diputados"},"content":{"rendered":"<p><!-- VideographyWP Plugin Message: Automatic video embedding prevented by plugin options. --><br \/>\nLa Comisi\u00f3n de Asuntos Municipales de la C\u00e1mara baja le puso la oreja a diversos reclamos autonomistas y empieza a tratar una serie de iniciativas que buscan crear m\u00e1s municipios. El caso de Lima tiene el apoyo de todos los sectores. La primera reuni\u00f3n es este mediod\u00eda.<br \/>\nHace un par de semanas, la Comisi\u00f3n de Asuntos Municipales de la C\u00e1mara de Diputados convoc\u00f3 a una reuni\u00f3n en la que invitaba a sus integrantes a tratar ocho proyectos que tratan sobre la divisi\u00f3n y\/o creaci\u00f3n de nuevos distritos. Algunos avanzar\u00e1n m\u00e1s, otros menos. Lo cierto es que el primer paso est\u00e1 dado y las expectativas generadas son muchas.<br \/>\nMoreno, Mar Chiquita, General Pueyrred\u00f3n, Avellaneda, Z\u00e1rate, Benito Ju\u00e1rez y La Matanza son los protagonistas de la nueva marea independentista. Los propios jefes comunales tendr\u00e1n que presentarse ante la mencionada Comisi\u00f3n y brindar sus puntos de vista respecto de esas iniciativas. \u00bfYa no tendr\u00e1 que hablarse m\u00e1s de \u201c135 municipios\u201d o al final el tema quedar\u00e1 solamente en un par de reuniones?  Se acaba de dar el primer paso, que no es poca cosa.<\/p>\n<p>La autonom\u00eda de Lima<\/p>\n<p>El proyecto a tratarse pertenece a la diputada zarate\u00f1a por Cambiemos, Sandra Par\u00eds. Y en los fundamentos se habla de \u201cun hist\u00f3rico reclamo de los vecinos\u201d. \u201cEsa petici\u00f3n siempre cont\u00f3 con la anuencia de los zarate\u00f1os, quienes comparten la necesidad de que sean los propios lime\u00f1os quienes administren sus propios designios\u201d, agrega la legisladora de Cambiemos.<\/p>\n<p>*Crease en el \u00e1mbito de la Legislatura Bonaerense, una Comisi\u00f3n Bicameral (siete miembros de cada una de las c\u00e1maras) que tendr\u00e1 por objeto el seguimiento y cumplimiento de varios de los art\u00edculos de la Ley.<\/p>\n<p>*La traza divisoria propuesta para el partido de Lima se establece entre el l\u00edmite fijo impuesto por el valle de inundaci\u00f3n y vaguada del Arroyo Las Palmas, y superando el curso del R\u00edo Paran\u00e1 de las Palmas, el mosaico de Delta y su parcelario rural, con la l\u00ednea de la Ruta Provincial 16, en la cual se localiza el hilo significativo del paraje El Tat\u00fa.<\/p>\n<p>*La Asociaci\u00f3n Por la Autonom\u00eda de Lima hace a\u00f1os trabaja y empuja diversas iniciativas que pidieron justamente por la autonom\u00eda de la ciudad. En el \u00faltimo tiempo intensificaron los reclamos, llevando a cabo varios de cortes de ruta.<\/p>\n<p>Diversas posturas<\/p>\n<p>\u201cSin necesidad de abordar precedentes hist\u00f3ricos y lugare\u00f1os, lo cierto es que existe plena y total conformidad pol\u00edtica e institucional para el reconocimiento que por esta ley se confirma\u201d, se\u00f1ala la iniciativa<\/p>\n<p>*Sergio Berni (senador por UC): \u201cS\u00ed a la autonom\u00eda de Lima, es una ciudad que tiene los recursos necesarios para ser independiente, es decir para auto sustentarse\u201d.<\/p>\n<p>*Patricia Moyano (diputada por el PJ): \u201cCon el intendente (Osvaldo) C\u00e1ffaro (moyano es la esposa del jefe comunal), estamos ocup\u00e1ndonos en forma permanente de los temas que interesan a todo el distrito y por lo tanto tambi\u00e9n a los vecinos de Lima y la autonom\u00eda se constituye en un caro sentimiento para muchos lime\u00f1os por lo que debe ser tratado con gran seriedad\u201d.<\/p>\n<p>Fuente: Impacto Local<\/p>\n","protected":false},"excerpt":{"rendered":"<p>La Comisi\u00f3n de Asuntos Municipales de la C\u00e1mara baja le puso la oreja a diversos reclamos autonomistas y empieza a tratar una serie de iniciativas que buscan crear m\u00e1s municipios. El caso de Lima tiene el apoyo de todos los sectores. La primera reuni\u00f3n es este mediod\u00eda. Hace un par de semanas, la Comisi\u00f3n de [&hellip;]<\/p>\n","protected":false},"author":4,"featured_media":40159,"comment_status":"open","ping_status":"closed","sticky":false,"template":"","format":"standard","meta":{"om_disable_all_campaigns":false,"_jetpack_memberships_contains_paid_content":false,"footnotes":""},"categories":[621],"tags":[],"class_list":["post-40158","post","type-post","status-publish","format-standard","has-post-thumbnail","hentry","category-regionales"],"aioseo_notices":[],"gutentor_comment":0,"jetpack_featured_media_url":"https:\/\/eldiariodesanpedro.com.ar\/sitio\/wp-content\/uploads\/2018\/09\/lima-movilizacion-1-696x522.jpg","jetpack_shortlink":"https:\/\/wp.me\/p6RhLt-arI","jetpack_sharing_enabled":true,"_links":{"self":[{"href":"https:\/\/eldiariodesanpedro.com.ar\/sitio\/wp-json\/wp\/v2\/posts\/40158","targetHints":{"allow":["GET"]}}],"collection":[{"href":"https:\/\/eldiariodesanpedro.com.ar\/sitio\/wp-json\/wp\/v2\/posts"}],"about":[{"href":"https:\/\/eldiariodesanpedro.com.ar\/sitio\/wp-json\/wp\/v2\/types\/post"}],"author":[{"embeddable":true,"href":"https:\/\/eldiariodesanpedro.com.ar\/sitio\/wp-json\/wp\/v2\/users\/4"}],"replies":[{"embeddable":true,"href":"https:\/\/eldiariodesanpedro.com.ar\/sitio\/wp-json\/wp\/v2\/comments?post=40158"}],"version-history":[{"count":1,"href":"https:\/\/eldiariodesanpedro.com.ar\/sitio\/wp-json\/wp\/v2\/posts\/40158\/revisions"}],"predecessor-version":[{"id":40160,"href":"https:\/\/eldiariodesanpedro.com.ar\/sitio\/wp-json\/wp\/v2\/posts\/40158\/revisions\/40160"}],"wp:featuredmedia":[{"embeddable":true,"href":"https:\/\/eldiariodesanpedro.com.ar\/sitio\/wp-json\/wp\/v2\/media\/40159"}],"wp:attachment":[{"href":"https:\/\/eldiariodesanpedro.com.ar\/sitio\/wp-json\/wp\/v2\/media?parent=40158"}],"wp:term":[{"taxonomy":"category","embeddable":true,"href":"https:\/\/eldiariodesanpedro.com.ar\/sitio\/wp-json\/wp\/v2\/categories?post=40158"},{"taxonomy":"post_tag","embeddable":true,"href":"https:\/\/eldiariodesanpedro.com.ar\/sitio\/wp-json\/wp\/v2\/tags?post=40158"}],"curies":[{"name":"wp","href":"https:\/\/api.w.org\/{rel}","templated":true}]}}