{"id":40152,"date":"2018-09-13T11:59:52","date_gmt":"2018-09-13T14:59:52","guid":{"rendered":"https:\/\/eldiariodesanpedro.com.ar\/sitio\/?p=40152"},"modified":"2018-09-13T11:59:52","modified_gmt":"2018-09-13T14:59:52","slug":"baradero-bomberos-concurrio-al-rescate-de-dos-perros","status":"publish","type":"post","link":"https:\/\/eldiariodesanpedro.com.ar\/sitio\/baradero-bomberos-concurrio-al-rescate-de-dos-perros\/","title":{"rendered":"BARADERO: Bomberos concurri\u00f3 al rescate de dos perros"},"content":{"rendered":"<p><!-- VideographyWP Plugin Message: Automatic video embedding prevented by plugin options. --><br \/>\nFue est\u00e1 tarde tras un llamado al cuartel local cuando los animalitos cayeron a un pozo cloacal ubicado en Mart\u00edn Fierro 740. Uno de los animales muri\u00f3. Mientras que el otro fue rescatado sano y salvo.<\/p>\n<p>A las 13:15 hs se desplaz\u00f3 el m\u00f3vil 30\/45 (Camioneta-Vehiculo liviano ) tras el llamado por un rescate de dos perritos.<\/p>\n<p>Los animales hab\u00edan ca\u00eddo en un pozo de ba\u00f1o en una propiedad ubicada en Mart\u00edn Fierro 740.<\/p>\n<p>Uno de ellos, fue rescatado con vida y restituido a su madre y el otro lamentablemente estaba fallecido.<\/p>\n<p>Fuente: Tu Linea Directa<\/p>\n<p><img decoding=\"async\" data-attachment-id=\"40153\" data-permalink=\"https:\/\/eldiariodesanpedro.com.ar\/sitio\/baradero-bomberos-concurrio-al-rescate-de-dos-perros\/img-20180912-wa0039-640x360\/\" data-orig-file=\"https:\/\/eldiariodesanpedro.com.ar\/sitio\/wp-content\/uploads\/2018\/09\/IMG-20180912-WA0039-640x360.jpg\" data-orig-size=\"640,360\" data-comments-opened=\"1\" data-image-meta=\"{&quot;aperture&quot;:&quot;0&quot;,&quot;credit&quot;:&quot;&quot;,&quot;camera&quot;:&quot;&quot;,&quot;caption&quot;:&quot;&quot;,&quot;created_timestamp&quot;:&quot;0&quot;,&quot;copyright&quot;:&quot;&quot;,&quot;focal_length&quot;:&quot;0&quot;,&quot;iso&quot;:&quot;0&quot;,&quot;shutter_speed&quot;:&quot;0&quot;,&quot;title&quot;:&quot;&quot;,&quot;orientation&quot;:&quot;0&quot;}\" data-image-title=\"IMG-20180912-WA0039-640&amp;#215;360\" data-image-description=\"\" data-image-caption=\"\" data-large-file=\"https:\/\/eldiariodesanpedro.com.ar\/sitio\/wp-content\/uploads\/2018\/09\/IMG-20180912-WA0039-640x360.jpg\" data-src=\"https:\/\/eldiariodesanpedro.com.ar\/sitio\/wp-content\/uploads\/2018\/09\/IMG-20180912-WA0039-640x360.jpg\" alt=\"\" width=\"640\" height=\"360\" class=\"alignnone size-full wp-image-40153 lazyload\" data-srcset=\"https:\/\/eldiariodesanpedro.com.ar\/sitio\/wp-content\/uploads\/2018\/09\/IMG-20180912-WA0039-640x360.jpg 640w, https:\/\/eldiariodesanpedro.com.ar\/sitio\/wp-content\/uploads\/2018\/09\/IMG-20180912-WA0039-640x360-300x169.jpg 300w\" data-sizes=\"(max-width: 640px) 100vw, 640px\" src=\"data:image\/svg+xml;base64,PHN2ZyB3aWR0aD0iMSIgaGVpZ2h0PSIxIiB4bWxucz0iaHR0cDovL3d3dy53My5vcmcvMjAwMC9zdmciPjwvc3ZnPg==\" style=\"--smush-placeholder-width: 640px; --smush-placeholder-aspect-ratio: 640\/360;\" \/><\/p>\n<p><img decoding=\"async\" data-attachment-id=\"40154\" data-permalink=\"https:\/\/eldiariodesanpedro.com.ar\/sitio\/baradero-bomberos-concurrio-al-rescate-de-dos-perros\/img-20180912-wa0041-576x1024\/\" data-orig-file=\"https:\/\/eldiariodesanpedro.com.ar\/sitio\/wp-content\/uploads\/2018\/09\/IMG-20180912-WA0041-576x1024.jpg\" data-orig-size=\"576,1024\" data-comments-opened=\"1\" data-image-meta=\"{&quot;aperture&quot;:&quot;0&quot;,&quot;credit&quot;:&quot;&quot;,&quot;camera&quot;:&quot;&quot;,&quot;caption&quot;:&quot;&quot;,&quot;created_timestamp&quot;:&quot;0&quot;,&quot;copyright&quot;:&quot;&quot;,&quot;focal_length&quot;:&quot;0&quot;,&quot;iso&quot;:&quot;0&quot;,&quot;shutter_speed&quot;:&quot;0&quot;,&quot;title&quot;:&quot;&quot;,&quot;orientation&quot;:&quot;0&quot;}\" data-image-title=\"IMG-20180912-WA0041-576&amp;#215;1024\" data-image-description=\"\" data-image-caption=\"\" data-large-file=\"https:\/\/eldiariodesanpedro.com.ar\/sitio\/wp-content\/uploads\/2018\/09\/IMG-20180912-WA0041-576x1024-576x1024.jpg\" data-src=\"https:\/\/eldiariodesanpedro.com.ar\/sitio\/wp-content\/uploads\/2018\/09\/IMG-20180912-WA0041-576x1024-576x1024.jpg\" alt=\"\" width=\"576\" height=\"1024\" class=\"alignnone size-large wp-image-40154 lazyload\" data-srcset=\"https:\/\/eldiariodesanpedro.com.ar\/sitio\/wp-content\/uploads\/2018\/09\/IMG-20180912-WA0041-576x1024.jpg 576w, https:\/\/eldiariodesanpedro.com.ar\/sitio\/wp-content\/uploads\/2018\/09\/IMG-20180912-WA0041-576x1024-169x300.jpg 169w\" data-sizes=\"(max-width: 576px) 100vw, 576px\" src=\"data:image\/svg+xml;base64,PHN2ZyB3aWR0aD0iMSIgaGVpZ2h0PSIxIiB4bWxucz0iaHR0cDovL3d3dy53My5vcmcvMjAwMC9zdmciPjwvc3ZnPg==\" style=\"--smush-placeholder-width: 576px; --smush-placeholder-aspect-ratio: 576\/1024;\" \/><\/p>\n<p><img decoding=\"async\" data-attachment-id=\"40155\" data-permalink=\"https:\/\/eldiariodesanpedro.com.ar\/sitio\/baradero-bomberos-concurrio-al-rescate-de-dos-perros\/img-20180912-wa0042-681x1211\/\" data-orig-file=\"https:\/\/eldiariodesanpedro.com.ar\/sitio\/wp-content\/uploads\/2018\/09\/IMG-20180912-WA0042-681x1211.jpg\" data-orig-size=\"681,511\" data-comments-opened=\"1\" data-image-meta=\"{&quot;aperture&quot;:&quot;0&quot;,&quot;credit&quot;:&quot;Picasa&quot;,&quot;camera&quot;:&quot;&quot;,&quot;caption&quot;:&quot;&quot;,&quot;created_timestamp&quot;:&quot;1536850649&quot;,&quot;copyright&quot;:&quot;&quot;,&quot;focal_length&quot;:&quot;0&quot;,&quot;iso&quot;:&quot;0&quot;,&quot;shutter_speed&quot;:&quot;0&quot;,&quot;title&quot;:&quot;&quot;,&quot;orientation&quot;:&quot;0&quot;}\" data-image-title=\"IMG-20180912-WA0042-681&amp;#215;1211\" data-image-description=\"\" data-image-caption=\"\" data-large-file=\"https:\/\/eldiariodesanpedro.com.ar\/sitio\/wp-content\/uploads\/2018\/09\/IMG-20180912-WA0042-681x1211.jpg\" data-src=\"https:\/\/eldiariodesanpedro.com.ar\/sitio\/wp-content\/uploads\/2018\/09\/IMG-20180912-WA0042-681x1211.jpg\" alt=\"\" width=\"681\" height=\"511\" class=\"alignnone size-full wp-image-40155 lazyload\" data-srcset=\"https:\/\/eldiariodesanpedro.com.ar\/sitio\/wp-content\/uploads\/2018\/09\/IMG-20180912-WA0042-681x1211.jpg 681w, https:\/\/eldiariodesanpedro.com.ar\/sitio\/wp-content\/uploads\/2018\/09\/IMG-20180912-WA0042-681x1211-300x225.jpg 300w\" data-sizes=\"(max-width: 681px) 100vw, 681px\" src=\"data:image\/svg+xml;base64,PHN2ZyB3aWR0aD0iMSIgaGVpZ2h0PSIxIiB4bWxucz0iaHR0cDovL3d3dy53My5vcmcvMjAwMC9zdmciPjwvc3ZnPg==\" style=\"--smush-placeholder-width: 681px; --smush-placeholder-aspect-ratio: 681\/511;\" \/><\/p>\n","protected":false},"excerpt":{"rendered":"<p>Fue est\u00e1 tarde tras un llamado al cuartel local cuando los animalitos cayeron a un pozo cloacal ubicado en Mart\u00edn Fierro 740. Uno de los animales muri\u00f3. Mientras que el otro fue rescatado sano y salvo. A las 13:15 hs se desplaz\u00f3 el m\u00f3vil 30\/45 (Camioneta-Vehiculo liviano ) tras el llamado por un rescate de [&hellip;]<\/p>\n","protected":false},"author":4,"featured_media":40155,"comment_status":"open","ping_status":"closed","sticky":false,"template":"","format":"standard","meta":{"om_disable_all_campaigns":false,"_jetpack_memberships_contains_paid_content":false,"footnotes":""},"categories":[621],"tags":[],"class_list":["post-40152","post","type-post","status-publish","format-standard","has-post-thumbnail","hentry","category-regionales"],"aioseo_notices":[],"gutentor_comment":0,"jetpack_featured_media_url":"https:\/\/eldiariodesanpedro.com.ar\/sitio\/wp-content\/uploads\/2018\/09\/IMG-20180912-WA0042-681x1211.jpg","jetpack_shortlink":"https:\/\/wp.me\/p6RhLt-arC","jetpack_sharing_enabled":true,"_links":{"self":[{"href":"https:\/\/eldiariodesanpedro.com.ar\/sitio\/wp-json\/wp\/v2\/posts\/40152","targetHints":{"allow":["GET"]}}],"collection":[{"href":"https:\/\/eldiariodesanpedro.com.ar\/sitio\/wp-json\/wp\/v2\/posts"}],"about":[{"href":"https:\/\/eldiariodesanpedro.com.ar\/sitio\/wp-json\/wp\/v2\/types\/post"}],"author":[{"embeddable":true,"href":"https:\/\/eldiariodesanpedro.com.ar\/sitio\/wp-json\/wp\/v2\/users\/4"}],"replies":[{"embeddable":true,"href":"https:\/\/eldiariodesanpedro.com.ar\/sitio\/wp-json\/wp\/v2\/comments?post=40152"}],"version-history":[{"count":0,"href":"https:\/\/eldiariodesanpedro.com.ar\/sitio\/wp-json\/wp\/v2\/posts\/40152\/revisions"}],"wp:featuredmedia":[{"embeddable":true,"href":"https:\/\/eldiariodesanpedro.com.ar\/sitio\/wp-json\/wp\/v2\/media\/40155"}],"wp:attachment":[{"href":"https:\/\/eldiariodesanpedro.com.ar\/sitio\/wp-json\/wp\/v2\/media?parent=40152"}],"wp:term":[{"taxonomy":"category","embeddable":true,"href":"https:\/\/eldiariodesanpedro.com.ar\/sitio\/wp-json\/wp\/v2\/categories?post=40152"},{"taxonomy":"post_tag","embeddable":true,"href":"https:\/\/eldiariodesanpedro.com.ar\/sitio\/wp-json\/wp\/v2\/tags?post=40152"}],"curies":[{"name":"wp","href":"https:\/\/api.w.org\/{rel}","templated":true}]}}