{"id":40149,"date":"2018-09-13T11:53:28","date_gmt":"2018-09-13T14:53:28","guid":{"rendered":"https:\/\/eldiariodesanpedro.com.ar\/sitio\/?p=40149"},"modified":"2018-09-13T11:53:28","modified_gmt":"2018-09-13T14:53:28","slug":"baradero-crecen-los-casos-de-violencia-en-las-escuelas-un-alumno-ingreso-con-un-cuchillo-y-amenazo-a-otro","status":"publish","type":"post","link":"https:\/\/eldiariodesanpedro.com.ar\/sitio\/baradero-crecen-los-casos-de-violencia-en-las-escuelas-un-alumno-ingreso-con-un-cuchillo-y-amenazo-a-otro\/","title":{"rendered":"BARADERO: Crecen los casos de violencia en las escuelas: un alumno ingres\u00f3 con un cuchillo y amenaz\u00f3 a otro"},"content":{"rendered":"<p><!-- VideographyWP Plugin Message: Automatic video embedding prevented by plugin options. --><br \/>\nLa noticia la dio a conocer Tu Radio tras el testimonio de padres que se mostraron preocupados por un hecho que preocup\u00f3 y alarm\u00f3.<\/p>\n<p>La semana pasada un adolescente ingres\u00f3 a la Secundaria 8 mu\u00f1ido de un arma blanca. Espec\u00edficamente un cuchillo.<\/p>\n<p>Con el elemento amenaz\u00f3 a un compa\u00f1ero a qui\u00e9n afortunadamente no logr\u00f3 lastimar.<\/p>\n<p>Por Tu Radio el Inspector Jefe Disfr\u00fatalo, Profesor Walter Mandel, confirm\u00f3 el episodio.<\/p>\n<p>Asegur\u00f3 que \u201cNo pas\u00f3 a mayores y que se comenz\u00f3 a trabajar con los equipos interdisciplinarios por el caso\u201d.<\/p>\n<p>Se\u00f1al\u00f3 que \u201cpreocupa la situaci\u00f3n y la atribuy\u00f3 al contexto social en el que se vive\u201d.<\/p>\n<p>Sobre el alumno involucrado expres\u00f3 que \u201ces un menor de edad y que se est\u00e1 trabajando tambi\u00e9n preservando esa condici\u00f3n\u201d.<\/p>\n<p>El Jefe de Inspectores fue consultado tras un v\u00eddeo que se difundi\u00f3 en las redes donde dos alumnas se tomaron a golpes en el interior de un aula.<\/p>\n<p>Lo mismo que un hecho de caracter\u00edsticas similares al de la Secundaria 8, pero esta vez en la Escuela Berisso.<\/p>\n<p>Fuente: Tu Linea Directa<\/p>\n","protected":false},"excerpt":{"rendered":"<p>La noticia la dio a conocer Tu Radio tras el testimonio de padres que se mostraron preocupados por un hecho que preocup\u00f3 y alarm\u00f3. La semana pasada un adolescente ingres\u00f3 a la Secundaria 8 mu\u00f1ido de un arma blanca. Espec\u00edficamente un cuchillo. Con el elemento amenaz\u00f3 a un compa\u00f1ero a qui\u00e9n afortunadamente no logr\u00f3 lastimar. [&hellip;]<\/p>\n","protected":false},"author":4,"featured_media":40150,"comment_status":"open","ping_status":"closed","sticky":false,"template":"","format":"standard","meta":{"om_disable_all_campaigns":false,"_jetpack_memberships_contains_paid_content":false,"footnotes":""},"categories":[621],"tags":[],"class_list":["post-40149","post","type-post","status-publish","format-standard","has-post-thumbnail","hentry","category-regionales"],"aioseo_notices":[],"gutentor_comment":0,"jetpack_featured_media_url":"https:\/\/eldiariodesanpedro.com.ar\/sitio\/wp-content\/uploads\/2018\/09\/41530628_1904691739840594_5948232531877822464_n.jpg","jetpack_shortlink":"https:\/\/wp.me\/p6RhLt-arz","jetpack_sharing_enabled":true,"_links":{"self":[{"href":"https:\/\/eldiariodesanpedro.com.ar\/sitio\/wp-json\/wp\/v2\/posts\/40149","targetHints":{"allow":["GET"]}}],"collection":[{"href":"https:\/\/eldiariodesanpedro.com.ar\/sitio\/wp-json\/wp\/v2\/posts"}],"about":[{"href":"https:\/\/eldiariodesanpedro.com.ar\/sitio\/wp-json\/wp\/v2\/types\/post"}],"author":[{"embeddable":true,"href":"https:\/\/eldiariodesanpedro.com.ar\/sitio\/wp-json\/wp\/v2\/users\/4"}],"replies":[{"embeddable":true,"href":"https:\/\/eldiariodesanpedro.com.ar\/sitio\/wp-json\/wp\/v2\/comments?post=40149"}],"version-history":[{"count":1,"href":"https:\/\/eldiariodesanpedro.com.ar\/sitio\/wp-json\/wp\/v2\/posts\/40149\/revisions"}],"predecessor-version":[{"id":40151,"href":"https:\/\/eldiariodesanpedro.com.ar\/sitio\/wp-json\/wp\/v2\/posts\/40149\/revisions\/40151"}],"wp:featuredmedia":[{"embeddable":true,"href":"https:\/\/eldiariodesanpedro.com.ar\/sitio\/wp-json\/wp\/v2\/media\/40150"}],"wp:attachment":[{"href":"https:\/\/eldiariodesanpedro.com.ar\/sitio\/wp-json\/wp\/v2\/media?parent=40149"}],"wp:term":[{"taxonomy":"category","embeddable":true,"href":"https:\/\/eldiariodesanpedro.com.ar\/sitio\/wp-json\/wp\/v2\/categories?post=40149"},{"taxonomy":"post_tag","embeddable":true,"href":"https:\/\/eldiariodesanpedro.com.ar\/sitio\/wp-json\/wp\/v2\/tags?post=40149"}],"curies":[{"name":"wp","href":"https:\/\/api.w.org\/{rel}","templated":true}]}}