{"id":40146,"date":"2018-09-13T11:47:43","date_gmt":"2018-09-13T14:47:43","guid":{"rendered":"https:\/\/eldiariodesanpedro.com.ar\/sitio\/?p=40146"},"modified":"2018-09-13T12:03:25","modified_gmt":"2018-09-13T15:03:25","slug":"san-nicolas-en-la-autopista-centenares-de-nicolenos-expresaron-su-descontento","status":"publish","type":"post","link":"https:\/\/eldiariodesanpedro.com.ar\/sitio\/san-nicolas-en-la-autopista-centenares-de-nicolenos-expresaron-su-descontento\/","title":{"rendered":"SAN NICOL\u00c1S: En la Autopista, centenares de nicole\u00f1os expresaron su descontento"},"content":{"rendered":"<p><!-- VideographyWP Plugin Message: Automatic video embedding prevented by plugin options. --><br \/>\nRealmente numerosa fue ayer la expresi\u00f3n popular convocada a la vera de la Ruta 9 a metros del acceso principal a San Nicol\u00e1s. Hubo quema de neum\u00e1ticos en las banquinas, reducci\u00f3n de las calzadas e incluso un corte total en ambas manos que dur\u00f3 unos pocos minutos. En la convocatoria hab\u00edan coincidido organizaciones sociales y gremiales. Gabriel Legarreta, del Movimiento Evita, pidi\u00f3 a Macri que renuncie y se anticipen las elecciones.<\/p>\n<p>Centenares de manifestantes se expresaron ayer en San Nicol\u00e1s en contra de las pol\u00edticas y el rumbo econ\u00f3mico adoptados por el gobierno nacional de Cambiemos. Fue a la vera de la autopista, en una movida en cuya organizaci\u00f3n y convocatoria coincidieron diversas organizaciones sociales y tambi\u00e9n gremiales.<\/p>\n<p>A las organizaciones sociales que integran el colectivo denominado \u201cLos Cayetanos\u201d (la CTEP, Barrios de Pie y la CCC), tambi\u00e9n se sumaron en la convocatoria el Movimiento Evita, el PJ nicole\u00f1o, Unidad Ciudadana, el Frente Ciudadano Nicole\u00f1o, el PC, el PCR, la JCR, el PTS, Libres del Sur, el Polo Obrero (entre otras expresiones pol\u00edticas) y gremios como Camioneros, UOCRA, ATE, Judiciales, Aceiteros, y las dos CTA. Tambi\u00e9n hubo dirigentes metal\u00fargicos integrando la protesta. Y tambi\u00e9n flamearon las banderas de algunos merenderos barriales.<\/p>\n<p>En inmediaciones del puente que sirve de acceso principal a la ciudad a trav\u00e9s de avenida Presidente Per\u00f3n, los manifestantes comenzaron a concentrarse hacia las 10 de la ma\u00f1ana. Media hora m\u00e1s tarde se apostaron a pocos metros de la cinta asf\u00e1ltica de la mano Buenos Aires &#8211; Rosario, unos 200 metros al sur del puente, ocupando el ancho que se extiende entre la ruta y su colectora Este.<\/p>\n<p>La medida, que hab\u00eda sido anunciada por las organizaciones convocantes, dispar\u00f3 un operativo preventivo a cargo de efectivos de Gendarmer\u00eda Nacional y de la Polic\u00eda de la provincia de Buenos Aires<\/p>\n<p>Unos 300 metros al sur de donde se encontraba el foco de la protesta los efectivos delimitaron y redujeron la calzada de la autopista con conos, anulando as\u00ed uno de los carriles y recomendando a los automovilistas circular \u00fanicamente por el carril r\u00e1pido.<\/p>\n<p>Quema y corte parcial<br \/>\nDesde el mismo momento en que comenz\u00f3 la manifestaci\u00f3n, hubo quema de neum\u00e1ticos sobre la banquina.<\/p>\n<p>Hacia las 11 los manifestantes se fueron arrimando cada vez m\u00e1s hacia la calzada e incluso se empezaba a comentar en el lugar que se aguardaba la presencia de gremios que hab\u00edan comprometido su participaci\u00f3n -como Camioneros y UOCRA- para cortar la calzada, para interrumpir totalmente el paso vehicular.<\/p>\n<p>Finalmente un primer corte se concret\u00f3 hacia las 11:25 e interrumpi\u00f3 totalmente el tr\u00e1nsito de la mano de la autopista que corre en sentido Buenos Aires \u2013 Rosario.<\/p>\n<p>En tanto, y pese a que todav\u00eda no exist\u00eda concentraci\u00f3n de manifestantes en la otra mano, s\u00ed hab\u00eda presencia de gendarmes de aquel lado: sobre todo, para pedir cautela a los conductores de los veh\u00edculos que se desplazaban en sentido Rosario \u2013 Buenos Aires, habida cuenta del humo que desped\u00edan los neum\u00e1ticos que se incendiaban y de la consiguiente baja visibilidad que reinaba en el lugar.<\/p>\n<p>Corte total<br \/>\nPero unos pocos minutos m\u00e1s tarde la manifestaci\u00f3n se ensanchaba y ocupaba tambi\u00e9n las banquinas de esa segunda mano. <\/p>\n<p>Fuente: Diario El Norte<\/p>\n","protected":false},"excerpt":{"rendered":"<p>Realmente numerosa fue ayer la expresi\u00f3n popular convocada a la vera de la Ruta 9 a metros del acceso principal a San Nicol\u00e1s. Hubo quema de neum\u00e1ticos en las banquinas, reducci\u00f3n de las calzadas e incluso un corte total en ambas manos que dur\u00f3 unos pocos minutos. En la convocatoria hab\u00edan coincidido organizaciones sociales y [&hellip;]<\/p>\n","protected":false},"author":4,"featured_media":40147,"comment_status":"open","ping_status":"closed","sticky":false,"template":"","format":"standard","meta":{"om_disable_all_campaigns":false,"_jetpack_memberships_contains_paid_content":false,"footnotes":""},"categories":[621],"tags":[],"class_list":["post-40146","post","type-post","status-publish","format-standard","has-post-thumbnail","hentry","category-regionales"],"aioseo_notices":[],"gutentor_comment":0,"jetpack_featured_media_url":"https:\/\/eldiariodesanpedro.com.ar\/sitio\/wp-content\/uploads\/2018\/09\/elnorte5b9a21b4c2fe0_1-protesta.jpg","jetpack_shortlink":"https:\/\/wp.me\/p6RhLt-arw","jetpack_sharing_enabled":true,"_links":{"self":[{"href":"https:\/\/eldiariodesanpedro.com.ar\/sitio\/wp-json\/wp\/v2\/posts\/40146","targetHints":{"allow":["GET"]}}],"collection":[{"href":"https:\/\/eldiariodesanpedro.com.ar\/sitio\/wp-json\/wp\/v2\/posts"}],"about":[{"href":"https:\/\/eldiariodesanpedro.com.ar\/sitio\/wp-json\/wp\/v2\/types\/post"}],"author":[{"embeddable":true,"href":"https:\/\/eldiariodesanpedro.com.ar\/sitio\/wp-json\/wp\/v2\/users\/4"}],"replies":[{"embeddable":true,"href":"https:\/\/eldiariodesanpedro.com.ar\/sitio\/wp-json\/wp\/v2\/comments?post=40146"}],"version-history":[{"count":1,"href":"https:\/\/eldiariodesanpedro.com.ar\/sitio\/wp-json\/wp\/v2\/posts\/40146\/revisions"}],"predecessor-version":[{"id":40148,"href":"https:\/\/eldiariodesanpedro.com.ar\/sitio\/wp-json\/wp\/v2\/posts\/40146\/revisions\/40148"}],"wp:featuredmedia":[{"embeddable":true,"href":"https:\/\/eldiariodesanpedro.com.ar\/sitio\/wp-json\/wp\/v2\/media\/40147"}],"wp:attachment":[{"href":"https:\/\/eldiariodesanpedro.com.ar\/sitio\/wp-json\/wp\/v2\/media?parent=40146"}],"wp:term":[{"taxonomy":"category","embeddable":true,"href":"https:\/\/eldiariodesanpedro.com.ar\/sitio\/wp-json\/wp\/v2\/categories?post=40146"},{"taxonomy":"post_tag","embeddable":true,"href":"https:\/\/eldiariodesanpedro.com.ar\/sitio\/wp-json\/wp\/v2\/tags?post=40146"}],"curies":[{"name":"wp","href":"https:\/\/api.w.org\/{rel}","templated":true}]}}