{"id":40143,"date":"2018-09-13T11:41:51","date_gmt":"2018-09-13T14:41:51","guid":{"rendered":"https:\/\/eldiariodesanpedro.com.ar\/sitio\/?p=40143"},"modified":"2018-09-13T11:41:51","modified_gmt":"2018-09-13T14:41:51","slug":"san-nicolas-la-oposicion-y-los-gremios-se-movilizaron-al-municipio-en-defensa-del-trabajo","status":"publish","type":"post","link":"https:\/\/eldiariodesanpedro.com.ar\/sitio\/san-nicolas-la-oposicion-y-los-gremios-se-movilizaron-al-municipio-en-defensa-del-trabajo\/","title":{"rendered":"SAN NICOL\u00c1S: La oposici\u00f3n y los gremios se movilizaron al municipio en defensa del trabajo"},"content":{"rendered":"<p><!-- VideographyWP Plugin Message: Automatic video embedding prevented by plugin options. --><br \/>\nEl PJ local, Unidad Ciudadana y referentes de los principales sindicatos se movilizaron hasta el Palacio Municipal para entregarle al jefe comunal un petitorio mediante el cual plantean la constituci\u00f3n de un \u00abcomit\u00e9 de crisis\u00bb para la defensa de los puestos de trabajo que est\u00e1n en riesgo en la ciudad y la zona. Fuertes cr\u00edticas al gobierno de Macri.<\/p>\n<p>Referentes del Partido Justicialista local y de Unidad Ciudadana se movilizaron desde Plaza Mitre hasta el Palacio Municipal junto a dirigentes de los principales sindicatos de la ciudad, para entregarle al intendente Manuel Passaglia el documento que se aprobara en la Asamblea abierta realizada la semana pasada en la que sectores pol\u00edticos y gremiales consensuaron el rechazo al acuerdo con el FMI y las medidas de pol\u00edtica econ\u00f3mica implementadas por la Alianza Cambiemos. \u201cTambi\u00e9n le planteamos al gobierno local la necesidad de conformar un \u00abcomit\u00e9 crisis\u00bb que act\u00fae frente a los despidos de trabajadores que se est\u00e1n produciendo en la ciudad y la zona\u201d, asegur\u00f3 Rub\u00e9n Andino, titular del PJ San Nicol\u00e1s.<\/p>\n<p>Los manifestantes le entregaron el petitorio a Rodolfo Fern\u00e1ndez Vi\u00f1a, quien se\u00f1al\u00f3 que el intendente no se encontraba en la ciudad. De acuerdo a lo manifestado por Andino, el \u00abcomit\u00e9 de crisis\u00bb abre la participaci\u00f3n a todas las instituciones de la ciudad que quieran sumarse. \u201cInvitamos a todas las fuerzas vivas a sentarnos en una mesa junto a las autoridades locales a fin de instrumentar alg\u00fan tipo de iniciativa en defensa e los puestos de trabajo\u201d, a\u00f1adi\u00f3 Andino.<\/p>\n<p>De la movilizaci\u00f3n participaron referentes de los gremios de la UOCRA, Camioneros, UOM, portuarios, canillitas, seguridad privada, aceiteros y sectores que integran la CTA, entre otros.<\/p>\n<p>\u201cEl documento est\u00e1 dirigido al intendente municipal pero tiene directa vinculaci\u00f3n con la situaci\u00f3n que se vive a nivel nacional. Le decimos basta a los despidos, al ajuste y a los tarifazos\u201d, afirm\u00f3 Ricardo Espina, del gremio de Camioneros.<\/p>\n<p>El gremio de la construcci\u00f3n es uno de los m\u00e1s golpeados a partir del freno a la obra privada en San Nicol\u00e1s. \u201cEl panorama es muy malo para todos. No hay ning\u00fan sindicato que hoy est\u00e9 atravesando un buen momento sino todo lo contrario. Hay suspensiones y despidos en todos los sectores, de ah\u00ed que m\u00e1s que nunca tenemos que estar unidos en esta lucha\u201d, sostuvo Juan Rebuffo, secretario de organizaci\u00f3n del gremio de la UOCRA.<\/p>\n<p>\u201cHoy los sindicatos, los sectores pol\u00edticos y organizaciones sociales est\u00e1n en la calle pidiendo que se modifique el rumbo econ\u00f3mico. Pero el gobierno nacional hace o\u00eddos sordos ante el reclamo popular. Mintieron en campa\u00f1a y siguen mintiendo ahora cuando prometen un futuro mejor. Pero hoy le decimos basta a este plan econ\u00f3mico que genera hambre y desempleo\u201d, agreg\u00f3 Rebuffo.<\/p>\n<p>UOM, muy golpeado<br \/>\nJes\u00fas G\u00f3mez, concejal de Unidad Ciudadana proveniente de la Uni\u00f3n Obrera Metal\u00fargica, apunt\u00f3 que \u201cel ajuste que instrumenta el gobierno de Macri est\u00e1 pegando de lleno en la industria. La UOM hoy tiene 60.000 afiliados menos en todo el pa\u00eds. En el Parque Industrial Comirsa hay empresas que suspendieron personal, y otras donde se trabaja s\u00f3lo de lunes a jueves, una decisi\u00f3n que se extiende por el plazo de 60 d\u00edas\u201d, apunt\u00f3 el concejal. \u201cA pesar de que el gobierno apuesta a ignorar el reclamo ciudadano, hoy el pa\u00eds entero est\u00e1 visibilizando la necesidad de frenar el ajuste que golpea con m\u00e1s fuerza a los trabajadores y a los que menos tienen\u201d, complet\u00f3 G\u00f3mez.<\/p>\n<p>Dardo Jara, del gremio de los canillitas, asegur\u00f3 que \u201cla situaci\u00f3n es insostenible. Hoy la gente no tiene plata y eso pega directamente en el consumo. Nadie se salva. En que anda en la calle sabe que cada d\u00eda el panorama es un poco peor\u201d.<\/p>\n<p>Mart\u00edn Ricardini, del Sindicato \u00danico de trabajadores de Administraci\u00f3n Portuaria (SUTAP), indic\u00f3 que \u201cel escenario es muy complicado para el movimiento obrero en su conjunto. La inflaci\u00f3n y salarios a la baja han derrumbado el poder adquisitivo de los trabajadores. Si bien en el puerto de San Nicol\u00e1s se mantiene la actividad, no podemos desentendernos de lo que sucede con los dem\u00e1s compa\u00f1eros\u201d.<\/p>\n<p>M\u00e1s voces<br \/>\nEn tanto Daniel Finucci, del Sindicato Unido de trabajadores Custodios Argentinos (SUTCA), advirti\u00f3 que \u201cla situaci\u00f3n es muy complicada. Hay empresas que est\u00e1n recortando costos por el lado del personal. Por eso los trabajadores debemos estar m\u00e1s unidos que nunca ante un gobierno que s\u00f3lo busca favorecer el ajuste que proponen los empresarios\u201d.<\/p>\n<p>Ernesto G\u00f3mez, delegado de Sindicato de Aceiteros de Rosario, expres\u00f3 que \u201ces momento de defender los puestos de trabajo antes de que se agrave m\u00e1s la situaci\u00f3n. Este gobierno no ha hecho nada por la clase trabajadora. Hoy en la planta Bunge de Ramallo hay 85 puestos perdidos y una cesant\u00eda de 25 trabajadores del Sindicato de Qu\u00edmicos. En muchos casos son retiros producto de las presiones que recibe el trabajador. Es un escenario preocupante porque el sistema juega a favor de la flexibilizaci\u00f3n laboral. Al trabajador no le queda otra que resistir\u201d.<\/p>\n","protected":false},"excerpt":{"rendered":"<p>El PJ local, Unidad Ciudadana y referentes de los principales sindicatos se movilizaron hasta el Palacio Municipal para entregarle al jefe comunal un petitorio mediante el cual plantean la constituci\u00f3n de un \u00abcomit\u00e9 de crisis\u00bb para la defensa de los puestos de trabajo que est\u00e1n en riesgo en la ciudad y la zona. Fuertes cr\u00edticas [&hellip;]<\/p>\n","protected":false},"author":4,"featured_media":40144,"comment_status":"open","ping_status":"closed","sticky":false,"template":"","format":"standard","meta":{"om_disable_all_campaigns":false,"_jetpack_memberships_contains_paid_content":false,"footnotes":""},"categories":[621],"tags":[],"class_list":["post-40143","post","type-post","status-publish","format-standard","has-post-thumbnail","hentry","category-regionales"],"aioseo_notices":[],"gutentor_comment":0,"jetpack_featured_media_url":"https:\/\/eldiariodesanpedro.com.ar\/sitio\/wp-content\/uploads\/2018\/09\/elnorte5b9a2004b6429_5-movilizacion.jpg","jetpack_shortlink":"https:\/\/wp.me\/p6RhLt-art","jetpack_sharing_enabled":true,"_links":{"self":[{"href":"https:\/\/eldiariodesanpedro.com.ar\/sitio\/wp-json\/wp\/v2\/posts\/40143","targetHints":{"allow":["GET"]}}],"collection":[{"href":"https:\/\/eldiariodesanpedro.com.ar\/sitio\/wp-json\/wp\/v2\/posts"}],"about":[{"href":"https:\/\/eldiariodesanpedro.com.ar\/sitio\/wp-json\/wp\/v2\/types\/post"}],"author":[{"embeddable":true,"href":"https:\/\/eldiariodesanpedro.com.ar\/sitio\/wp-json\/wp\/v2\/users\/4"}],"replies":[{"embeddable":true,"href":"https:\/\/eldiariodesanpedro.com.ar\/sitio\/wp-json\/wp\/v2\/comments?post=40143"}],"version-history":[{"count":1,"href":"https:\/\/eldiariodesanpedro.com.ar\/sitio\/wp-json\/wp\/v2\/posts\/40143\/revisions"}],"predecessor-version":[{"id":40145,"href":"https:\/\/eldiariodesanpedro.com.ar\/sitio\/wp-json\/wp\/v2\/posts\/40143\/revisions\/40145"}],"wp:featuredmedia":[{"embeddable":true,"href":"https:\/\/eldiariodesanpedro.com.ar\/sitio\/wp-json\/wp\/v2\/media\/40144"}],"wp:attachment":[{"href":"https:\/\/eldiariodesanpedro.com.ar\/sitio\/wp-json\/wp\/v2\/media?parent=40143"}],"wp:term":[{"taxonomy":"category","embeddable":true,"href":"https:\/\/eldiariodesanpedro.com.ar\/sitio\/wp-json\/wp\/v2\/categories?post=40143"},{"taxonomy":"post_tag","embeddable":true,"href":"https:\/\/eldiariodesanpedro.com.ar\/sitio\/wp-json\/wp\/v2\/tags?post=40143"}],"curies":[{"name":"wp","href":"https:\/\/api.w.org\/{rel}","templated":true}]}}