{"id":40139,"date":"2018-09-13T11:21:29","date_gmt":"2018-09-13T14:21:29","guid":{"rendered":"https:\/\/eldiariodesanpedro.com.ar\/sitio\/?p=40139"},"modified":"2018-09-13T12:04:11","modified_gmt":"2018-09-13T15:04:11","slug":"el-ejecutivo-municipal-ratifica-el-compromiso-con-los-trabajadores-municipales-y-sus-familias","status":"publish","type":"post","link":"https:\/\/eldiariodesanpedro.com.ar\/sitio\/el-ejecutivo-municipal-ratifica-el-compromiso-con-los-trabajadores-municipales-y-sus-familias\/","title":{"rendered":"El ejecutivo municipal ratifica el compromiso con los trabajadores municipales y sus familias"},"content":{"rendered":"<p><!-- VideographyWP Plugin Message: Automatic video embedding prevented by plugin options. --><br \/>\nLa Municipalidad de San Pedro informa que como es de dominio p\u00fablico durante las \u00faltimas jornadas se plantearon negociaciones en el marco de la Mesa de Relaciones Laborales, junto a los gremios que representan a un sector importante de los trabajadores municipales.<\/p>\n<p>\u00abNo escapa a nadie que la situaci\u00f3n econ\u00f3mica general es compleja y que el movimiento de algunas variables que impactan en la inflaci\u00f3n del pa\u00eds, le suman mayor tensi\u00f3n a este tipo de instancias. <\/p>\n<p>Reconociendo el absoluto derecho de todos los trabajadores a reclamar lo que les corresponde, fuimos realizando propuestas contenidas dentro de la previsibilidad con la que este gobierno viene administrando los recursos de todos los sampedrinos. <\/p>\n<p>Todas las decisiones tomadas en este sentido est\u00e1n contenidas en una pol\u00edtica de administraci\u00f3n que prioriza defender el patrimonio municipal y asumir compromisos que se puedan afrontar sin comprometer el funcionamiento de toda la administraci\u00f3n. <\/p>\n<p>Si bien lamentamos una medida como la retenci\u00f3n de tareas que se plante\u00f3 en el comienzo de la negociaci\u00f3n, qued\u00f3 claro dentro de este proceso que en ning\u00fan momento el gobierno municipal tuvo otra intenci\u00f3n que la de responder a la altura de las circunstancias.<\/p>\n<p>El aumento del 8% sobre el b\u00e1sico otorgado, representar\u00e1 para las arcas municipales una erogaci\u00f3n importante que deseamos sea valorada por todos los trabajadores. Las ofertas anteriores realizadas y rechazadas pretend\u00edan premiar el presentismo, no obstante se continuar\u00e1 realizando un control exhaustivo del cumplimiento de las funciones en cada una de las \u00e1reas para cumplir con lo que la comunidad espera de quienes trabajamos para todos nuestros vecinos.<\/p>\n<p>Como siempre, queda abierto un canal de di\u00e1logo permanente y la satisfacci\u00f3n de haber regularizado este v\u00ednculo despu\u00e9s de momentos muy dif\u00edciles. <\/p>\n<p>Funcionarios y trabajadores debemos asumir que en momentos como los que hoy se viven, es necesario dejar de lado posiciones personales, pol\u00edticas o particulares para solo concentrarnos en respaldar a nuestros vecinos con la mayor responsabilidad\u00bb.<\/p>\n","protected":false},"excerpt":{"rendered":"<p>La Municipalidad de San Pedro informa que como es de dominio p\u00fablico durante las \u00faltimas jornadas se plantearon negociaciones en el marco de la Mesa de Relaciones Laborales, junto a los gremios que representan a un sector importante de los trabajadores municipales. \u00abNo escapa a nadie que la situaci\u00f3n econ\u00f3mica general es compleja y que [&hellip;]<\/p>\n","protected":false},"author":4,"featured_media":40140,"comment_status":"open","ping_status":"closed","sticky":false,"template":"","format":"standard","meta":{"om_disable_all_campaigns":false,"_jetpack_memberships_contains_paid_content":false,"footnotes":""},"categories":[2,102],"tags":[],"class_list":["post-40139","post","type-post","status-publish","format-standard","has-post-thumbnail","hentry","category-locales","category-politica-locales"],"aioseo_notices":[],"gutentor_comment":0,"jetpack_featured_media_url":"https:\/\/eldiariodesanpedro.com.ar\/sitio\/wp-content\/uploads\/2018\/09\/unnamed-3.jpg","jetpack_shortlink":"https:\/\/wp.me\/p6RhLt-arp","jetpack_sharing_enabled":true,"_links":{"self":[{"href":"https:\/\/eldiariodesanpedro.com.ar\/sitio\/wp-json\/wp\/v2\/posts\/40139","targetHints":{"allow":["GET"]}}],"collection":[{"href":"https:\/\/eldiariodesanpedro.com.ar\/sitio\/wp-json\/wp\/v2\/posts"}],"about":[{"href":"https:\/\/eldiariodesanpedro.com.ar\/sitio\/wp-json\/wp\/v2\/types\/post"}],"author":[{"embeddable":true,"href":"https:\/\/eldiariodesanpedro.com.ar\/sitio\/wp-json\/wp\/v2\/users\/4"}],"replies":[{"embeddable":true,"href":"https:\/\/eldiariodesanpedro.com.ar\/sitio\/wp-json\/wp\/v2\/comments?post=40139"}],"version-history":[{"count":1,"href":"https:\/\/eldiariodesanpedro.com.ar\/sitio\/wp-json\/wp\/v2\/posts\/40139\/revisions"}],"predecessor-version":[{"id":40141,"href":"https:\/\/eldiariodesanpedro.com.ar\/sitio\/wp-json\/wp\/v2\/posts\/40139\/revisions\/40141"}],"wp:featuredmedia":[{"embeddable":true,"href":"https:\/\/eldiariodesanpedro.com.ar\/sitio\/wp-json\/wp\/v2\/media\/40140"}],"wp:attachment":[{"href":"https:\/\/eldiariodesanpedro.com.ar\/sitio\/wp-json\/wp\/v2\/media?parent=40139"}],"wp:term":[{"taxonomy":"category","embeddable":true,"href":"https:\/\/eldiariodesanpedro.com.ar\/sitio\/wp-json\/wp\/v2\/categories?post=40139"},{"taxonomy":"post_tag","embeddable":true,"href":"https:\/\/eldiariodesanpedro.com.ar\/sitio\/wp-json\/wp\/v2\/tags?post=40139"}],"curies":[{"name":"wp","href":"https:\/\/api.w.org\/{rel}","templated":true}]}}