{"id":40135,"date":"2018-09-13T11:04:11","date_gmt":"2018-09-13T14:04:11","guid":{"rendered":"https:\/\/eldiariodesanpedro.com.ar\/sitio\/?p=40135"},"modified":"2018-09-13T11:04:11","modified_gmt":"2018-09-13T14:04:11","slug":"palistas-chilenos-entrenan-en-la-cooperativa-las-canaletas","status":"publish","type":"post","link":"https:\/\/eldiariodesanpedro.com.ar\/sitio\/palistas-chilenos-entrenan-en-la-cooperativa-las-canaletas\/","title":{"rendered":"Palistas chilenos entrenan en la Cooperativa Las Canaletas"},"content":{"rendered":"<p><!-- VideographyWP Plugin Message: Automatic video embedding prevented by plugin options. --><br \/>\nLa Direcci\u00f3n de Deportes de la Municipalidad de San Pedro saluda la llegada de una delegaci\u00f3n de canotaje de Chile que se encuentra entrenando en la Cooperativa Las Canaletas antes de viajar hacia el Campeonato Nacional que se correr\u00e1 el pr\u00f3ximo fin de semana en TANDIL. Al igual que el a\u00f1o pasado, estos representantes trasandinos eligieron nuestra ciudad para realizar entrenamientos aqu\u00ed destacando el nivel que este deporte tiene en nuestra ciudad reconocido a nivel internacional. La delegaci\u00f3n est\u00e1 integrada por un equipo K4 de Seniors y otro K4 de menores y cadetes que adem\u00e1s participar\u00e1n de clasificatorios para torneos continentales.<\/p>\n<p><img decoding=\"async\" data-attachment-id=\"40137\" data-permalink=\"https:\/\/eldiariodesanpedro.com.ar\/sitio\/palistas-chilenos-entrenan-en-la-cooperativa-las-canaletas\/bi4a8119\/\" data-orig-file=\"https:\/\/eldiariodesanpedro.com.ar\/sitio\/wp-content\/uploads\/2018\/09\/BI4A8119.jpg\" data-orig-size=\"3840,2560\" data-comments-opened=\"1\" data-image-meta=\"{&quot;aperture&quot;:&quot;22&quot;,&quot;credit&quot;:&quot;&quot;,&quot;camera&quot;:&quot;Canon EOS 5D Mark III&quot;,&quot;caption&quot;:&quot;&quot;,&quot;created_timestamp&quot;:&quot;1544443175&quot;,&quot;copyright&quot;:&quot;&quot;,&quot;focal_length&quot;:&quot;35&quot;,&quot;iso&quot;:&quot;8000&quot;,&quot;shutter_speed&quot;:&quot;0.0005&quot;,&quot;title&quot;:&quot;&quot;,&quot;orientation&quot;:&quot;0&quot;}\" data-image-title=\"BI4A8119\" data-image-description=\"\" data-image-caption=\"\" data-large-file=\"https:\/\/eldiariodesanpedro.com.ar\/sitio\/wp-content\/uploads\/2018\/09\/BI4A8119-1024x683.jpg\" data-src=\"https:\/\/eldiariodesanpedro.com.ar\/sitio\/wp-content\/uploads\/2018\/09\/BI4A8119-1024x683.jpg\" alt=\"\" width=\"660\" height=\"440\" class=\"alignnone size-large wp-image-40137 lazyload\" data-srcset=\"https:\/\/eldiariodesanpedro.com.ar\/sitio\/wp-content\/uploads\/2018\/09\/BI4A8119-1024x683.jpg 1024w, https:\/\/eldiariodesanpedro.com.ar\/sitio\/wp-content\/uploads\/2018\/09\/BI4A8119-300x200.jpg 300w, https:\/\/eldiariodesanpedro.com.ar\/sitio\/wp-content\/uploads\/2018\/09\/BI4A8119-768x512.jpg 768w\" data-sizes=\"(max-width: 660px) 100vw, 660px\" src=\"data:image\/svg+xml;base64,PHN2ZyB3aWR0aD0iMSIgaGVpZ2h0PSIxIiB4bWxucz0iaHR0cDovL3d3dy53My5vcmcvMjAwMC9zdmciPjwvc3ZnPg==\" style=\"--smush-placeholder-width: 660px; --smush-placeholder-aspect-ratio: 660\/440;\" \/><\/p>\n","protected":false},"excerpt":{"rendered":"<p>La Direcci\u00f3n de Deportes de la Municipalidad de San Pedro saluda la llegada de una delegaci\u00f3n de canotaje de Chile que se encuentra entrenando en la Cooperativa Las Canaletas antes de viajar hacia el Campeonato Nacional que se correr\u00e1 el pr\u00f3ximo fin de semana en TANDIL. Al igual que el a\u00f1o pasado, estos representantes trasandinos [&hellip;]<\/p>\n","protected":false},"author":4,"featured_media":40136,"comment_status":"open","ping_status":"closed","sticky":false,"template":"","format":"standard","meta":{"om_disable_all_campaigns":false,"_jetpack_memberships_contains_paid_content":false,"footnotes":""},"categories":[101,2],"tags":[],"class_list":["post-40135","post","type-post","status-publish","format-standard","has-post-thumbnail","hentry","category-interes-general-locales","category-locales"],"aioseo_notices":[],"gutentor_comment":0,"jetpack_featured_media_url":"https:\/\/eldiariodesanpedro.com.ar\/sitio\/wp-content\/uploads\/2018\/09\/BI4A8108.jpg","jetpack_shortlink":"https:\/\/wp.me\/p6RhLt-arl","jetpack_sharing_enabled":true,"_links":{"self":[{"href":"https:\/\/eldiariodesanpedro.com.ar\/sitio\/wp-json\/wp\/v2\/posts\/40135","targetHints":{"allow":["GET"]}}],"collection":[{"href":"https:\/\/eldiariodesanpedro.com.ar\/sitio\/wp-json\/wp\/v2\/posts"}],"about":[{"href":"https:\/\/eldiariodesanpedro.com.ar\/sitio\/wp-json\/wp\/v2\/types\/post"}],"author":[{"embeddable":true,"href":"https:\/\/eldiariodesanpedro.com.ar\/sitio\/wp-json\/wp\/v2\/users\/4"}],"replies":[{"embeddable":true,"href":"https:\/\/eldiariodesanpedro.com.ar\/sitio\/wp-json\/wp\/v2\/comments?post=40135"}],"version-history":[{"count":1,"href":"https:\/\/eldiariodesanpedro.com.ar\/sitio\/wp-json\/wp\/v2\/posts\/40135\/revisions"}],"predecessor-version":[{"id":40138,"href":"https:\/\/eldiariodesanpedro.com.ar\/sitio\/wp-json\/wp\/v2\/posts\/40135\/revisions\/40138"}],"wp:featuredmedia":[{"embeddable":true,"href":"https:\/\/eldiariodesanpedro.com.ar\/sitio\/wp-json\/wp\/v2\/media\/40136"}],"wp:attachment":[{"href":"https:\/\/eldiariodesanpedro.com.ar\/sitio\/wp-json\/wp\/v2\/media?parent=40135"}],"wp:term":[{"taxonomy":"category","embeddable":true,"href":"https:\/\/eldiariodesanpedro.com.ar\/sitio\/wp-json\/wp\/v2\/categories?post=40135"},{"taxonomy":"post_tag","embeddable":true,"href":"https:\/\/eldiariodesanpedro.com.ar\/sitio\/wp-json\/wp\/v2\/tags?post=40135"}],"curies":[{"name":"wp","href":"https:\/\/api.w.org\/{rel}","templated":true}]}}